{"id":11464,"date":"2019-05-13T20:29:42","date_gmt":"2019-05-13T18:29:42","guid":{"rendered":"http:\/\/www.audes.com\/stg\/?p=11464"},"modified":"2025-02-13T08:17:16","modified_gmt":"2025-02-13T08:17:16","slug":"audes-e-mv-agusta-reparto-corse-una-nuova-collezione-dopo-laccordo-di-licenza-esclusiva-worldwide-per-i-prossimi-3-anni-2","status":"publish","type":"post","link":"https:\/\/www.audes.com\/stg\/audes-e-mv-agusta-reparto-corse-una-nuova-collezione-dopo-laccordo-di-licenza-esclusiva-worldwide-per-i-prossimi-3-anni-2\/","title":{"rendered":"Audes Group per MV Agusta Reparto Corse"},"content":{"rendered":"[vc_row type=&#8221;in_container&#8221; full_screen_row_position=&#8221;middle&#8221; column_margin=&#8221;default&#8221; column_direction=&#8221;default&#8221; column_direction_tablet=&#8221;default&#8221; column_direction_phone=&#8221;default&#8221; scene_position=&#8221;center&#8221; text_color=&#8221;dark&#8221; text_align=&#8221;left&#8221; row_border_radius=&#8221;none&#8221; row_border_radius_applies=&#8221;bg&#8221; overflow=&#8221;visible&#8221; overlay_strength=&#8221;0.3&#8243; gradient_direction=&#8221;left_to_right&#8221; shape_divider_position=&#8221;bottom&#8221; bg_image_animation=&#8221;none&#8221;][vc_column column_padding=&#8221;no-extra-padding&#8221; column_padding_tablet=&#8221;inherit&#8221; column_padding_phone=&#8221;inherit&#8221; column_padding_position=&#8221;all&#8221; column_element_direction_desktop=&#8221;default&#8221; column_element_spacing=&#8221;default&#8221; desktop_text_alignment=&#8221;default&#8221; tablet_text_alignment=&#8221;default&#8221; phone_text_alignment=&#8221;default&#8221; background_color_opacity=&#8221;1&#8243; background_hover_color_opacity=&#8221;1&#8243; column_backdrop_filter=&#8221;none&#8221; column_shadow=&#8221;none&#8221; column_border_radius=&#8221;none&#8221; column_link_target=&#8221;_self&#8221; column_position=&#8221;default&#8221; gradient_direction=&#8221;left_to_right&#8221; overlay_strength=&#8221;0.3&#8243; width=&#8221;1\/1&#8243; tablet_width_inherit=&#8221;default&#8221; animation_type=&#8221;default&#8221; bg_image_animation=&#8221;none&#8221; border_type=&#8221;simple&#8221; column_border_width=&#8221;none&#8221; column_border_style=&#8221;solid&#8221;][heading]\n<h2>Nuova collezione con licenza esclusiva worldwide per 3 anni.<\/h2>\n[\/heading][\/vc_column][\/vc_row][vc_row type=&#8221;full_width_background&#8221; full_screen_row_position=&#8221;middle&#8221; column_margin=&#8221;default&#8221; column_direction=&#8221;default&#8221; column_direction_tablet=&#8221;default&#8221; column_direction_phone=&#8221;default&#8221; scene_position=&#8221;center&#8221; top_padding=&#8221;10%&#8221; bottom_padding=&#8221;10%&#8221; text_color=&#8221;dark&#8221; text_align=&#8221;left&#8221; row_border_radius=&#8221;none&#8221; row_border_radius_applies=&#8221;bg&#8221; overflow=&#8221;visible&#8221; overlay_strength=&#8221;0.3&#8243; gradient_direction=&#8221;left_to_right&#8221; shape_divider_position=&#8221;bottom&#8221; bg_image_animation=&#8221;none&#8221;][vc_column column_padding=&#8221;no-extra-padding&#8221; column_padding_tablet=&#8221;inherit&#8221; column_padding_phone=&#8221;inherit&#8221; column_padding_position=&#8221;all&#8221; column_element_direction_desktop=&#8221;default&#8221; column_element_spacing=&#8221;default&#8221; desktop_text_alignment=&#8221;default&#8221; tablet_text_alignment=&#8221;default&#8221; phone_text_alignment=&#8221;default&#8221; background_color_opacity=&#8221;1&#8243; background_hover_color_opacity=&#8221;1&#8243; column_backdrop_filter=&#8221;none&#8221; column_shadow=&#8221;none&#8221; column_border_radius=&#8221;none&#8221; column_link_target=&#8221;_self&#8221; column_position=&#8221;default&#8221; gradient_direction=&#8221;left_to_right&#8221; overlay_strength=&#8221;0.3&#8243; width=&#8221;1\/1&#8243; tablet_width_inherit=&#8221;default&#8221; animation_type=&#8221;default&#8221; bg_image_animation=&#8221;none&#8221; border_type=&#8221;simple&#8221; column_border_width=&#8221;none&#8221; column_border_style=&#8221;solid&#8221;][vc_row_inner equal_height=&#8221;yes&#8221; content_placement=&#8221;middle&#8221; column_margin=&#8221;default&#8221; column_direction=&#8221;default&#8221; column_direction_tablet=&#8221;default&#8221; column_direction_phone=&#8221;default&#8221; text_align=&#8221;left&#8221; row_position=&#8221;default&#8221; row_position_tablet=&#8221;inherit&#8221; row_position_phone=&#8221;inherit&#8221; overflow=&#8221;visible&#8221; pointer_events=&#8221;all&#8221;][vc_column_inner column_padding=&#8221;no-extra-padding&#8221; column_padding_tablet=&#8221;inherit&#8221; column_padding_phone=&#8221;inherit&#8221; column_padding_position=&#8221;all&#8221; column_element_direction_desktop=&#8221;default&#8221; column_element_spacing=&#8221;default&#8221; desktop_text_alignment=&#8221;default&#8221; tablet_text_alignment=&#8221;default&#8221; phone_text_alignment=&#8221;default&#8221; background_color_opacity=&#8221;1&#8243; background_hover_color_opacity=&#8221;1&#8243; column_backdrop_filter=&#8221;none&#8221; column_shadow=&#8221;none&#8221; column_border_radius=&#8221;none&#8221; column_link_target=&#8221;_self&#8221; overflow=&#8221;visible&#8221; gradient_direction=&#8221;left_to_right&#8221; overlay_strength=&#8221;0.3&#8243; width=&#8221;1\/2&#8243; tablet_width_inherit=&#8221;default&#8221; animation_type=&#8221;default&#8221; bg_image_animation=&#8221;none&#8221; border_type=&#8221;simple&#8221; column_border_width=&#8221;none&#8221; column_border_style=&#8221;solid&#8221;][vc_column_text css_animation=&#8221;bottom-to-top&#8221; css=&#8221;.vc_custom_1557769945860{margin-top: 15px !important;}&#8221; max_width=&#8221;500&#8243;]Una missione ambiziosa che Mv Agusta ha fatto sua fin dagli albori e che ora si rinnova, con l\u2019inizio di un nuovo capitolo della storia di un brand leggendario. E se chi ben comincia \u00e8 gi\u00e0 a met\u00e0 dell\u2019opera, la Brutale 1000 Serie Oro \u00e8 stata eletta la pi\u00f9 bella ad Eicma 2018 mentre la concept Superveloce 800 ha lasciato tutti sbalorditi coniugando un\u2019estetica retr\u00f2 alla pi\u00f9 alta innovazione tecnica.<\/p>\n<p>&nbsp;<\/p>\n<p>Una chiusura di 2018 all\u2019altezza delle aspettative, con il nuovo anno che segna la conferma di <strong>AUDES come Licenziatario ufficiale esclusivo worldwide della collezione di abbigliamento e accessori del leggendario Reparto Corse<\/strong> della casa motociclistica.[\/vc_column_text][vc_column_text css_animation=&#8221;bottom-to-top&#8221; css=&#8221;.vc_custom_1557769958287{margin-top: 15px !important;}&#8221; max_width=&#8221;500&#8243;]Una collezione che celebra l\u2019anima sportiva, la ricerca estetica e l\u2019eredit\u00e0 storica del glorioso Reparto Corse, che spazia da capi tecnici fino alle giacche in pelle d\u2019ispirazione biker e che comprende accessori tecnologici.<\/p>\n<p><strong>La collezione, <\/strong>presentata in esclusiva alla forza vendita ad EICMA, \u00e8 <strong>disponibile nei retailer selezionati e sugli e-commerce dedicati.<\/strong>[\/vc_column_text][\/vc_column_inner][vc_column_inner column_padding=&#8221;no-extra-padding&#8221; column_padding_tablet=&#8221;inherit&#8221; column_padding_phone=&#8221;inherit&#8221; column_padding_position=&#8221;all&#8221; column_element_direction_desktop=&#8221;default&#8221; column_element_spacing=&#8221;default&#8221; desktop_text_alignment=&#8221;default&#8221; tablet_text_alignment=&#8221;default&#8221; phone_text_alignment=&#8221;default&#8221; background_color_opacity=&#8221;1&#8243; background_hover_color_opacity=&#8221;1&#8243; column_backdrop_filter=&#8221;none&#8221; column_shadow=&#8221;none&#8221; column_border_radius=&#8221;none&#8221; column_link_target=&#8221;_self&#8221; overflow=&#8221;visible&#8221; gradient_direction=&#8221;left_to_right&#8221; overlay_strength=&#8221;0.3&#8243; width=&#8221;1\/2&#8243; tablet_width_inherit=&#8221;default&#8221; animation_type=&#8221;default&#8221; bg_image_animation=&#8221;none&#8221; border_type=&#8221;simple&#8221; column_border_width=&#8221;none&#8221; column_border_style=&#8221;solid&#8221;][nectar_cascading_images image_1_bg_color=&#8221;#d10019&#8243; image_1_offset_x_sign=&#8221;+&#8221; image_1_offset_x=&#8221;0%&#8221; image_1_offset_y_sign=&#8221;+&#8221; image_1_offset_y=&#8221;0%&#8221; image_1_rotate_sign=&#8221;+&#8221; image_1_rotate=&#8221;none&#8221; image_1_scale=&#8221;1&#8243; image_1_animation=&#8221;Grow In&#8221; image_1_padding=&#8221;auto&#8221; image_1_box_shadow=&#8221;none&#8221; image_1_max_width_desktop=&#8221;100%&#8221; image_1_max_width_mobile=&#8221;100%&#8221; image_1_image_width_mobile=&#8221;default&#8221; image_2_url=&#8221;9240&#8243; image_2_offset_x_sign=&#8221;+&#8221; image_2_offset_x=&#8221;50%&#8221; image_2_offset_y_sign=&#8221;+&#8221; image_2_offset_y=&#8221;40%&#8221; image_2_rotate_sign=&#8221;+&#8221; image_2_rotate=&#8221;none&#8221; image_2_scale=&#8221;1&#8243; image_2_animation=&#8221;Grow In&#8221; image_2_padding=&#8221;auto&#8221; image_2_box_shadow=&#8221;none&#8221; image_2_max_width_desktop=&#8221;100%&#8221; image_2_max_width_mobile=&#8221;100%&#8221; image_2_image_width_mobile=&#8221;default&#8221; image_3_url=&#8221;9242&#8243; image_3_offset_x_sign=&#8221;-&#8221; image_3_offset_x=&#8221;15%&#8221; image_3_offset_y_sign=&#8221;-&#8221; image_3_offset_y=&#8221;35%&#8221; image_3_rotate_sign=&#8221;+&#8221; image_3_rotate=&#8221;none&#8221; image_3_scale=&#8221;1&#8243; image_3_animation=&#8221;Grow In&#8221; image_3_padding=&#8221;auto&#8221; image_3_box_shadow=&#8221;x_large_depth&#8221; image_3_max_width_desktop=&#8221;100%&#8221; image_3_max_width_mobile=&#8221;100%&#8221; image_3_image_width_mobile=&#8221;default&#8221; image_4_offset_x_sign=&#8221;+&#8221; image_4_offset_x=&#8221;0%&#8221; image_4_offset_y_sign=&#8221;+&#8221; image_4_offset_y=&#8221;0%&#8221; image_4_rotate_sign=&#8221;+&#8221; image_4_rotate=&#8221;none&#8221; image_4_scale=&#8221;1&#8243; image_4_animation=&#8221;Fade In&#8221; image_4_padding=&#8221;auto&#8221; image_4_box_shadow=&#8221;none&#8221; image_4_max_width_desktop=&#8221;100%&#8221; image_4_max_width_mobile=&#8221;100%&#8221; image_4_image_width_mobile=&#8221;default&#8221; element_sizing=&#8221;default&#8221; image_loading=&#8221;default&#8221; border_radius=&#8221;none&#8221; overflow=&#8221;visible&#8221;][\/vc_column_inner][\/vc_row_inner][\/vc_column][\/vc_row][vc_row type=&#8221;full_width_background&#8221; full_screen_row_position=&#8221;middle&#8221; column_margin=&#8221;default&#8221; equal_height=&#8221;yes&#8221; content_placement=&#8221;middle&#8221; column_direction=&#8221;default&#8221; column_direction_tablet=&#8221;default&#8221; column_direction_phone=&#8221;default&#8221; bg_color=&#8221;#0a0a0a&#8221; bg_image=&#8221;8585&#8243; bg_position=&#8221;center center&#8221; background_image_loading=&#8221;default&#8221; bg_repeat=&#8221;no-repeat&#8221; scene_position=&#8221;center&#8221; top_padding=&#8221;3%&#8221; bottom_padding=&#8221;3%&#8221; text_color=&#8221;light&#8221; text_align=&#8221;left&#8221; row_border_radius=&#8221;none&#8221; row_border_radius_applies=&#8221;bg&#8221; overflow=&#8221;visible&#8221; color_overlay=&#8221;#0a0505&#8243; overlay_strength=&#8221;0.8&#8243; gradient_direction=&#8221;left_to_right&#8221; shape_divider_position=&#8221;bottom&#8221; bg_image_animation=&#8221;none&#8221; shape_type=&#8221;&#8221;][vc_column column_padding=&#8221;no-extra-padding&#8221; column_padding_tablet=&#8221;inherit&#8221; column_padding_phone=&#8221;inherit&#8221; column_padding_position=&#8221;all&#8221; column_element_direction_desktop=&#8221;default&#8221; column_element_spacing=&#8221;default&#8221; desktop_text_alignment=&#8221;default&#8221; tablet_text_alignment=&#8221;default&#8221; phone_text_alignment=&#8221;default&#8221; background_color_opacity=&#8221;1&#8243; background_hover_color_opacity=&#8221;1&#8243; column_backdrop_filter=&#8221;none&#8221; column_shadow=&#8221;none&#8221; column_border_radius=&#8221;none&#8221; column_link_target=&#8221;_self&#8221; column_position=&#8221;default&#8221; gradient_direction=&#8221;left_to_right&#8221; overlay_strength=&#8221;0.3&#8243; width=&#8221;1\/1&#8243; tablet_width_inherit=&#8221;default&#8221; animation_type=&#8221;default&#8221; bg_image_animation=&#8221;none&#8221; border_type=&#8221;simple&#8221; column_border_width=&#8221;none&#8221; column_border_style=&#8221;solid&#8221;][vc_row_inner column_margin=&#8221;default&#8221; column_direction=&#8221;default&#8221; column_direction_tablet=&#8221;default&#8221; column_direction_phone=&#8221;default&#8221; text_align=&#8221;left&#8221; row_position=&#8221;default&#8221; row_position_tablet=&#8221;inherit&#8221; row_position_phone=&#8221;inherit&#8221; overflow=&#8221;visible&#8221; pointer_events=&#8221;all&#8221;][vc_column_inner column_padding=&#8221;no-extra-padding&#8221; column_padding_tablet=&#8221;inherit&#8221; column_padding_phone=&#8221;inherit&#8221; column_padding_position=&#8221;all&#8221; column_element_direction_desktop=&#8221;default&#8221; column_element_spacing=&#8221;default&#8221; desktop_text_alignment=&#8221;default&#8221; tablet_text_alignment=&#8221;default&#8221; phone_text_alignment=&#8221;default&#8221; background_color_opacity=&#8221;1&#8243; background_hover_color_opacity=&#8221;1&#8243; column_backdrop_filter=&#8221;none&#8221; column_shadow=&#8221;none&#8221; column_border_radius=&#8221;none&#8221; column_link_target=&#8221;_self&#8221; overflow=&#8221;visible&#8221; gradient_direction=&#8221;left_to_right&#8221; overlay_strength=&#8221;0.3&#8243; width=&#8221;1\/6&#8243; tablet_width_inherit=&#8221;default&#8221; animation_type=&#8221;default&#8221; bg_image_animation=&#8221;none&#8221; border_type=&#8221;simple&#8221; column_border_width=&#8221;none&#8221; column_border_style=&#8221;solid&#8221;][\/vc_column_inner][vc_column_inner column_padding=&#8221;padding-2-percent&#8221; column_padding_tablet=&#8221;inherit&#8221; column_padding_phone=&#8221;inherit&#8221; column_padding_position=&#8221;left-right&#8221; column_element_direction_desktop=&#8221;default&#8221; column_element_spacing=&#8221;default&#8221; centered_text=&#8221;true&#8221; desktop_text_alignment=&#8221;default&#8221; tablet_text_alignment=&#8221;default&#8221; phone_text_alignment=&#8221;default&#8221; background_color_opacity=&#8221;1&#8243; background_hover_color_opacity=&#8221;1&#8243; column_backdrop_filter=&#8221;none&#8221; column_shadow=&#8221;none&#8221; column_border_radius=&#8221;none&#8221; column_link_target=&#8221;_self&#8221; overflow=&#8221;visible&#8221; gradient_direction=&#8221;left_to_right&#8221; overlay_strength=&#8221;0.3&#8243; width=&#8221;2\/3&#8243; tablet_width_inherit=&#8221;default&#8221; animation_type=&#8221;default&#8221; bg_image_animation=&#8221;none&#8221; border_type=&#8221;simple&#8221; column_border_width=&#8221;none&#8221; column_border_style=&#8221;solid&#8221;][vc_custom_heading text=&#8221;Scopri la collezione&#8221; font_container=&#8221;tag:h2|font_size:52|text_align:center|line_height:52px&#8221; use_theme_fonts=&#8221;yes&#8221;][divider line_type=&#8221;No Line&#8221; custom_height=&#8221;10&#8243;][nectar_btn size=&#8221;large&#8221; open_new_tab=&#8221;true&#8221; button_style=&#8221;see-through-3&#8243; color_override=&#8221;#d10019&#8243; hover_color_override=&#8221;#d10019&#8243; hover_text_color_override=&#8221;#ffffff&#8221; icon_family=&#8221;fontawesome&#8221; url=&#8221;https:\/\/audesworld.com\/collections\/mv-agusta-reparto-corse&#8221; icon_fontawesome=&#8221;fa fa-long-arrow-right&#8221; margin_top=&#8221;25&#8243; text=&#8221;Collezione MV Agusta&#8221;][vc_custom_heading text=&#8221;Per maggiori informazioni&#8221; font_container=&#8221;tag:p|font_size:30|text_align:center|line_height:52px&#8221; use_theme_fonts=&#8221;yes&#8221;][nectar_cta btn_style=&#8221;see-through&#8221; heading_tag=&#8221;h5&#8243; button_color=&#8221;default&#8221; button_border_thickness=&#8221;0px&#8221; link_type=&#8221;regular&#8221; alignment=&#8221;center&#8221; alignment_tablet=&#8221;default&#8221; alignment_phone=&#8221;default&#8221; display=&#8221;block&#8221; display_tablet=&#8221;inherit&#8221; display_phone=&#8221;inherit&#8221; link_text=&#8221;licensing@audes.com&#8221; url=&#8221;mailto:licensing@audes.com&#8221;][\/vc_column_inner][vc_column_inner column_padding=&#8221;no-extra-padding&#8221; column_padding_tablet=&#8221;inherit&#8221; column_padding_phone=&#8221;inherit&#8221; column_padding_position=&#8221;all&#8221; column_element_direction_desktop=&#8221;default&#8221; column_element_spacing=&#8221;default&#8221; desktop_text_alignment=&#8221;default&#8221; tablet_text_alignment=&#8221;default&#8221; phone_text_alignment=&#8221;default&#8221; background_color_opacity=&#8221;1&#8243; background_hover_color_opacity=&#8221;1&#8243; column_backdrop_filter=&#8221;none&#8221; column_shadow=&#8221;none&#8221; column_border_radius=&#8221;none&#8221; column_link_target=&#8221;_self&#8221; overflow=&#8221;visible&#8221; gradient_direction=&#8221;left_to_right&#8221; overlay_strength=&#8221;0.3&#8243; width=&#8221;1\/6&#8243; tablet_width_inherit=&#8221;default&#8221; animation_type=&#8221;default&#8221; bg_image_animation=&#8221;none&#8221; border_type=&#8221;simple&#8221; column_border_width=&#8221;none&#8221; column_border_style=&#8221;solid&#8221;][\/vc_column_inner][\/vc_row_inner][\/vc_column][\/vc_row]\n","protected":false},"excerpt":{"rendered":"<p>[vc_row type=&#8221;in_container&#8221; full_screen_row_position=&#8221;middle&#8221; column_margin=&#8221;default&#8221; column_direction=&#8221;default&#8221; column_direction_tablet=&#8221;default&#8221; column_direction_phone=&#8221;default&#8221; scene_position=&#8221;center&#8221; text_color=&#8221;dark&#8221; text_align=&#8221;left&#8221; row_border_radius=&#8221;none&#8221; row_border_radius_applies=&#8221;bg&#8221; overflow=&#8221;visible&#8221; overlay_strength=&#8221;0.3&#8243; gradient_direction=&#8221;left_to_right&#8221; shape_divider_position=&#8221;bottom&#8221; bg_image_animation=&#8221;none&#8221;][vc_column column_padding=&#8221;no-extra-padding&#8221; column_padding_tablet=&#8221;inherit&#8221; column_padding_phone=&#8221;inherit&#8221; column_padding_position=&#8221;all&#8221; column_element_direction_desktop=&#8221;default&#8221; column_element_spacing=&#8221;default&#8221; desktop_text_alignment=&#8221;default&#8221; tablet_text_alignment=&#8221;default&#8221; phone_text_alignment=&#8221;default&#8221; background_color_opacity=&#8221;1&#8243; background_hover_color_opacity=&#8221;1&#8243; column_backdrop_filter=&#8221;none&#8221; column_shadow=&#8221;none&#8221;&#8230;<\/p>\n","protected":false},"author":1,"featured_media":9241,"comment_status":"closed","ping_status":"closed","sticky":false,"template":"","format":"standard","meta":{"footnotes":""},"categories":[12],"tags":[],"class_list":{"0":"post-11464","1":"post","2":"type-post","3":"status-publish","4":"format-standard","5":"has-post-thumbnail","7":"category-merchandise"},"yoast_head":"<!-- This site is optimized with the Yoast SEO plugin v24.3 - https:\/\/yoast.com\/wordpress\/plugins\/seo\/ -->\n<title>Audes Group per MV Agusta Reparto Corse - AUDES<\/title>\n<meta name=\"description\" content=\"Audes Group annuncia una partnership esclusiva di tre anni con MV Agusta Reparto Corse per una nuova collezione di abbigliamento e accessori che esalta l&#039;eredit\u00e0 sportiva del marchio.\" \/>\n<meta name=\"robots\" content=\"index, follow, max-snippet:-1, max-image-preview:large, max-video-preview:-1\" \/>\n<link rel=\"canonical\" href=\"https:\/\/www.audes.com\/stg\/audes-e-mv-agusta-reparto-corse-una-nuova-collezione-dopo-laccordo-di-licenza-esclusiva-worldwide-per-i-prossimi-3-anni-2\/\" \/>\n<meta property=\"og:locale\" content=\"it_IT\" \/>\n<meta property=\"og:type\" content=\"article\" \/>\n<meta property=\"og:title\" content=\"Audes Group per MV Agusta Reparto Corse - AUDES\" \/>\n<meta property=\"og:description\" content=\"Audes Group annuncia una partnership esclusiva di tre anni con MV Agusta Reparto Corse per una nuova collezione di abbigliamento e accessori che esalta l&#039;eredit\u00e0 sportiva del marchio.\" \/>\n<meta property=\"og:url\" content=\"https:\/\/www.audes.com\/stg\/audes-e-mv-agusta-reparto-corse-una-nuova-collezione-dopo-laccordo-di-licenza-esclusiva-worldwide-per-i-prossimi-3-anni-2\/\" \/>\n<meta property=\"og:site_name\" content=\"AUDES\" \/>\n<meta property=\"article:publisher\" content=\"https:\/\/www.facebook.com\/audesgroup\" \/>\n<meta property=\"article:published_time\" content=\"2019-05-13T18:29:42+00:00\" \/>\n<meta property=\"article:modified_time\" content=\"2025-02-13T08:17:16+00:00\" \/>\n<meta property=\"og:image\" content=\"https:\/\/www.audes.com\/stg\/wp-content\/uploads\/2019\/05\/12_MV-scaled-1.jpg\" \/>\n\t<meta property=\"og:image:width\" content=\"2560\" \/>\n\t<meta property=\"og:image:height\" content=\"1709\" \/>\n\t<meta property=\"og:image:type\" content=\"image\/jpeg\" \/>\n<meta name=\"author\" content=\"AUDES\" \/>\n<meta name=\"twitter:card\" content=\"summary_large_image\" \/>\n<meta name=\"twitter:label1\" content=\"Scritto da\" \/>\n\t<meta name=\"twitter:data1\" content=\"AUDES\" \/>\n\t<meta name=\"twitter:label2\" content=\"Tempo di lettura stimato\" \/>\n\t<meta name=\"twitter:data2\" content=\"2 minuti\" \/>\n<script type=\"application\/ld+json\" class=\"yoast-schema-graph\">{\"@context\":\"https:\/\/schema.org\",\"@graph\":[{\"@type\":\"Article\",\"@id\":\"https:\/\/www.audes.com\/stg\/audes-e-mv-agusta-reparto-corse-una-nuova-collezione-dopo-laccordo-di-licenza-esclusiva-worldwide-per-i-prossimi-3-anni-2\/#article\",\"isPartOf\":{\"@id\":\"https:\/\/www.audes.com\/stg\/audes-e-mv-agusta-reparto-corse-una-nuova-collezione-dopo-laccordo-di-licenza-esclusiva-worldwide-per-i-prossimi-3-anni-2\/\"},\"author\":{\"name\":\"AUDES\",\"@id\":\"https:\/\/www.audes.com\/stg\/#\/schema\/person\/1398e96e9d1dfe7fa6336b9e1bb9a67b\"},\"headline\":\"Audes Group per MV Agusta Reparto Corse\",\"datePublished\":\"2019-05-13T18:29:42+00:00\",\"dateModified\":\"2025-02-13T08:17:16+00:00\",\"mainEntityOfPage\":{\"@id\":\"https:\/\/www.audes.com\/stg\/audes-e-mv-agusta-reparto-corse-una-nuova-collezione-dopo-laccordo-di-licenza-esclusiva-worldwide-per-i-prossimi-3-anni-2\/\"},\"wordCount\":1633,\"publisher\":{\"@id\":\"https:\/\/www.audes.com\/stg\/#organization\"},\"image\":{\"@id\":\"https:\/\/www.audes.com\/stg\/audes-e-mv-agusta-reparto-corse-una-nuova-collezione-dopo-laccordo-di-licenza-esclusiva-worldwide-per-i-prossimi-3-anni-2\/#primaryimage\"},\"thumbnailUrl\":\"https:\/\/www.audes.com\/stg\/wp-content\/uploads\/2019\/05\/12_MV-scaled-1.jpg\",\"articleSection\":[\"Merchandise\"],\"inLanguage\":\"it-IT\"},{\"@type\":\"WebPage\",\"@id\":\"https:\/\/www.audes.com\/stg\/audes-e-mv-agusta-reparto-corse-una-nuova-collezione-dopo-laccordo-di-licenza-esclusiva-worldwide-per-i-prossimi-3-anni-2\/\",\"url\":\"https:\/\/www.audes.com\/stg\/audes-e-mv-agusta-reparto-corse-una-nuova-collezione-dopo-laccordo-di-licenza-esclusiva-worldwide-per-i-prossimi-3-anni-2\/\",\"name\":\"Audes Group per MV Agusta Reparto Corse - AUDES\",\"isPartOf\":{\"@id\":\"https:\/\/www.audes.com\/stg\/#website\"},\"primaryImageOfPage\":{\"@id\":\"https:\/\/www.audes.com\/stg\/audes-e-mv-agusta-reparto-corse-una-nuova-collezione-dopo-laccordo-di-licenza-esclusiva-worldwide-per-i-prossimi-3-anni-2\/#primaryimage\"},\"image\":{\"@id\":\"https:\/\/www.audes.com\/stg\/audes-e-mv-agusta-reparto-corse-una-nuova-collezione-dopo-laccordo-di-licenza-esclusiva-worldwide-per-i-prossimi-3-anni-2\/#primaryimage\"},\"thumbnailUrl\":\"https:\/\/www.audes.com\/stg\/wp-content\/uploads\/2019\/05\/12_MV-scaled-1.jpg\",\"datePublished\":\"2019-05-13T18:29:42+00:00\",\"dateModified\":\"2025-02-13T08:17:16+00:00\",\"description\":\"Audes Group annuncia una partnership esclusiva di tre anni con MV Agusta Reparto Corse per una nuova collezione di abbigliamento e accessori che esalta l'eredit\u00e0 sportiva del marchio.\",\"breadcrumb\":{\"@id\":\"https:\/\/www.audes.com\/stg\/audes-e-mv-agusta-reparto-corse-una-nuova-collezione-dopo-laccordo-di-licenza-esclusiva-worldwide-per-i-prossimi-3-anni-2\/#breadcrumb\"},\"inLanguage\":\"it-IT\",\"potentialAction\":[{\"@type\":\"ReadAction\",\"target\":[\"https:\/\/www.audes.com\/stg\/audes-e-mv-agusta-reparto-corse-una-nuova-collezione-dopo-laccordo-di-licenza-esclusiva-worldwide-per-i-prossimi-3-anni-2\/\"]}]},{\"@type\":\"ImageObject\",\"inLanguage\":\"it-IT\",\"@id\":\"https:\/\/www.audes.com\/stg\/audes-e-mv-agusta-reparto-corse-una-nuova-collezione-dopo-laccordo-di-licenza-esclusiva-worldwide-per-i-prossimi-3-anni-2\/#primaryimage\",\"url\":\"https:\/\/www.audes.com\/stg\/wp-content\/uploads\/2019\/05\/12_MV-scaled-1.jpg\",\"contentUrl\":\"https:\/\/www.audes.com\/stg\/wp-content\/uploads\/2019\/05\/12_MV-scaled-1.jpg\",\"width\":2560,\"height\":1709},{\"@type\":\"BreadcrumbList\",\"@id\":\"https:\/\/www.audes.com\/stg\/audes-e-mv-agusta-reparto-corse-una-nuova-collezione-dopo-laccordo-di-licenza-esclusiva-worldwide-per-i-prossimi-3-anni-2\/#breadcrumb\",\"itemListElement\":[{\"@type\":\"ListItem\",\"position\":1,\"name\":\"Home\",\"item\":\"https:\/\/www.audes.com\/stg\/\"},{\"@type\":\"ListItem\",\"position\":2,\"name\":\"Audes Group per MV Agusta Reparto Corse\"}]},{\"@type\":\"WebSite\",\"@id\":\"https:\/\/www.audes.com\/stg\/#website\",\"url\":\"https:\/\/www.audes.com\/stg\/\",\"name\":\"AUDES\",\"description\":\"WE BRAND YOU\",\"publisher\":{\"@id\":\"https:\/\/www.audes.com\/stg\/#organization\"},\"potentialAction\":[{\"@type\":\"SearchAction\",\"target\":{\"@type\":\"EntryPoint\",\"urlTemplate\":\"https:\/\/www.audes.com\/stg\/?s={search_term_string}\"},\"query-input\":{\"@type\":\"PropertyValueSpecification\",\"valueRequired\":true,\"valueName\":\"search_term_string\"}}],\"inLanguage\":\"it-IT\"},{\"@type\":\"Organization\",\"@id\":\"https:\/\/www.audes.com\/stg\/#organization\",\"name\":\"AUDES\",\"url\":\"https:\/\/www.audes.com\/stg\/\",\"logo\":{\"@type\":\"ImageObject\",\"inLanguage\":\"it-IT\",\"@id\":\"https:\/\/www.audes.com\/stg\/#\/schema\/logo\/image\/\",\"url\":\"http:\/\/www.audes.com\/stg\/wp-content\/uploads\/2021\/11\/logo366x120.png\",\"contentUrl\":\"http:\/\/www.audes.com\/stg\/wp-content\/uploads\/2021\/11\/logo366x120.png\",\"width\":366,\"height\":120,\"caption\":\"AUDES\"},\"image\":{\"@id\":\"https:\/\/www.audes.com\/stg\/#\/schema\/logo\/image\/\"},\"sameAs\":[\"https:\/\/www.facebook.com\/audesgroup\",\"https:\/\/www.instagram.com\/audesgroup\"]},{\"@type\":\"Person\",\"@id\":\"https:\/\/www.audes.com\/stg\/#\/schema\/person\/1398e96e9d1dfe7fa6336b9e1bb9a67b\",\"name\":\"AUDES\",\"image\":{\"@type\":\"ImageObject\",\"inLanguage\":\"it-IT\",\"@id\":\"https:\/\/www.audes.com\/stg\/#\/schema\/person\/image\/\",\"url\":\"https:\/\/secure.gravatar.com\/avatar\/6f2778e0e39696f5b4025f56cb7a24b668760164d3c9d2659399e819551c9c2c?s=96&d=mm&r=g\",\"contentUrl\":\"https:\/\/secure.gravatar.com\/avatar\/6f2778e0e39696f5b4025f56cb7a24b668760164d3c9d2659399e819551c9c2c?s=96&d=mm&r=g\",\"caption\":\"AUDES\"},\"sameAs\":[\"http:\/\/www.audes.com\/stg\"],\"url\":\"https:\/\/www.audes.com\/stg\/author\/admin\/\"}]}<\/script>\n<!-- \/ Yoast SEO plugin. -->","yoast_head_json":{"title":"Audes Group per MV Agusta Reparto Corse - AUDES","description":"Audes Group annuncia una partnership esclusiva di tre anni con MV Agusta Reparto Corse per una nuova collezione di abbigliamento e accessori che esalta l'eredit\u00e0 sportiva del marchio.","robots":{"index":"index","follow":"follow","max-snippet":"max-snippet:-1","max-image-preview":"max-image-preview:large","max-video-preview":"max-video-preview:-1"},"canonical":"https:\/\/www.audes.com\/stg\/audes-e-mv-agusta-reparto-corse-una-nuova-collezione-dopo-laccordo-di-licenza-esclusiva-worldwide-per-i-prossimi-3-anni-2\/","og_locale":"it_IT","og_type":"article","og_title":"Audes Group per MV Agusta Reparto Corse - AUDES","og_description":"Audes Group annuncia una partnership esclusiva di tre anni con MV Agusta Reparto Corse per una nuova collezione di abbigliamento e accessori che esalta l'eredit\u00e0 sportiva del marchio.","og_url":"https:\/\/www.audes.com\/stg\/audes-e-mv-agusta-reparto-corse-una-nuova-collezione-dopo-laccordo-di-licenza-esclusiva-worldwide-per-i-prossimi-3-anni-2\/","og_site_name":"AUDES","article_publisher":"https:\/\/www.facebook.com\/audesgroup","article_published_time":"2019-05-13T18:29:42+00:00","article_modified_time":"2025-02-13T08:17:16+00:00","og_image":[{"width":2560,"height":1709,"url":"https:\/\/www.audes.com\/stg\/wp-content\/uploads\/2019\/05\/12_MV-scaled-1.jpg","type":"image\/jpeg"}],"author":"AUDES","twitter_card":"summary_large_image","twitter_misc":{"Scritto da":"AUDES","Tempo di lettura stimato":"2 minuti"},"schema":{"@context":"https:\/\/schema.org","@graph":[{"@type":"Article","@id":"https:\/\/www.audes.com\/stg\/audes-e-mv-agusta-reparto-corse-una-nuova-collezione-dopo-laccordo-di-licenza-esclusiva-worldwide-per-i-prossimi-3-anni-2\/#article","isPartOf":{"@id":"https:\/\/www.audes.com\/stg\/audes-e-mv-agusta-reparto-corse-una-nuova-collezione-dopo-laccordo-di-licenza-esclusiva-worldwide-per-i-prossimi-3-anni-2\/"},"author":{"name":"AUDES","@id":"https:\/\/www.audes.com\/stg\/#\/schema\/person\/1398e96e9d1dfe7fa6336b9e1bb9a67b"},"headline":"Audes Group per MV Agusta Reparto Corse","datePublished":"2019-05-13T18:29:42+00:00","dateModified":"2025-02-13T08:17:16+00:00","mainEntityOfPage":{"@id":"https:\/\/www.audes.com\/stg\/audes-e-mv-agusta-reparto-corse-una-nuova-collezione-dopo-laccordo-di-licenza-esclusiva-worldwide-per-i-prossimi-3-anni-2\/"},"wordCount":1633,"publisher":{"@id":"https:\/\/www.audes.com\/stg\/#organization"},"image":{"@id":"https:\/\/www.audes.com\/stg\/audes-e-mv-agusta-reparto-corse-una-nuova-collezione-dopo-laccordo-di-licenza-esclusiva-worldwide-per-i-prossimi-3-anni-2\/#primaryimage"},"thumbnailUrl":"https:\/\/www.audes.com\/stg\/wp-content\/uploads\/2019\/05\/12_MV-scaled-1.jpg","articleSection":["Merchandise"],"inLanguage":"it-IT"},{"@type":"WebPage","@id":"https:\/\/www.audes.com\/stg\/audes-e-mv-agusta-reparto-corse-una-nuova-collezione-dopo-laccordo-di-licenza-esclusiva-worldwide-per-i-prossimi-3-anni-2\/","url":"https:\/\/www.audes.com\/stg\/audes-e-mv-agusta-reparto-corse-una-nuova-collezione-dopo-laccordo-di-licenza-esclusiva-worldwide-per-i-prossimi-3-anni-2\/","name":"Audes Group per MV Agusta Reparto Corse - AUDES","isPartOf":{"@id":"https:\/\/www.audes.com\/stg\/#website"},"primaryImageOfPage":{"@id":"https:\/\/www.audes.com\/stg\/audes-e-mv-agusta-reparto-corse-una-nuova-collezione-dopo-laccordo-di-licenza-esclusiva-worldwide-per-i-prossimi-3-anni-2\/#primaryimage"},"image":{"@id":"https:\/\/www.audes.com\/stg\/audes-e-mv-agusta-reparto-corse-una-nuova-collezione-dopo-laccordo-di-licenza-esclusiva-worldwide-per-i-prossimi-3-anni-2\/#primaryimage"},"thumbnailUrl":"https:\/\/www.audes.com\/stg\/wp-content\/uploads\/2019\/05\/12_MV-scaled-1.jpg","datePublished":"2019-05-13T18:29:42+00:00","dateModified":"2025-02-13T08:17:16+00:00","description":"Audes Group annuncia una partnership esclusiva di tre anni con MV Agusta Reparto Corse per una nuova collezione di abbigliamento e accessori che esalta l'eredit\u00e0 sportiva del marchio.","breadcrumb":{"@id":"https:\/\/www.audes.com\/stg\/audes-e-mv-agusta-reparto-corse-una-nuova-collezione-dopo-laccordo-di-licenza-esclusiva-worldwide-per-i-prossimi-3-anni-2\/#breadcrumb"},"inLanguage":"it-IT","potentialAction":[{"@type":"ReadAction","target":["https:\/\/www.audes.com\/stg\/audes-e-mv-agusta-reparto-corse-una-nuova-collezione-dopo-laccordo-di-licenza-esclusiva-worldwide-per-i-prossimi-3-anni-2\/"]}]},{"@type":"ImageObject","inLanguage":"it-IT","@id":"https:\/\/www.audes.com\/stg\/audes-e-mv-agusta-reparto-corse-una-nuova-collezione-dopo-laccordo-di-licenza-esclusiva-worldwide-per-i-prossimi-3-anni-2\/#primaryimage","url":"https:\/\/www.audes.com\/stg\/wp-content\/uploads\/2019\/05\/12_MV-scaled-1.jpg","contentUrl":"https:\/\/www.audes.com\/stg\/wp-content\/uploads\/2019\/05\/12_MV-scaled-1.jpg","width":2560,"height":1709},{"@type":"BreadcrumbList","@id":"https:\/\/www.audes.com\/stg\/audes-e-mv-agusta-reparto-corse-una-nuova-collezione-dopo-laccordo-di-licenza-esclusiva-worldwide-per-i-prossimi-3-anni-2\/#breadcrumb","itemListElement":[{"@type":"ListItem","position":1,"name":"Home","item":"https:\/\/www.audes.com\/stg\/"},{"@type":"ListItem","position":2,"name":"Audes Group per MV Agusta Reparto Corse"}]},{"@type":"WebSite","@id":"https:\/\/www.audes.com\/stg\/#website","url":"https:\/\/www.audes.com\/stg\/","name":"AUDES","description":"WE BRAND YOU","publisher":{"@id":"https:\/\/www.audes.com\/stg\/#organization"},"potentialAction":[{"@type":"SearchAction","target":{"@type":"EntryPoint","urlTemplate":"https:\/\/www.audes.com\/stg\/?s={search_term_string}"},"query-input":{"@type":"PropertyValueSpecification","valueRequired":true,"valueName":"search_term_string"}}],"inLanguage":"it-IT"},{"@type":"Organization","@id":"https:\/\/www.audes.com\/stg\/#organization","name":"AUDES","url":"https:\/\/www.audes.com\/stg\/","logo":{"@type":"ImageObject","inLanguage":"it-IT","@id":"https:\/\/www.audes.com\/stg\/#\/schema\/logo\/image\/","url":"http:\/\/www.audes.com\/stg\/wp-content\/uploads\/2021\/11\/logo366x120.png","contentUrl":"http:\/\/www.audes.com\/stg\/wp-content\/uploads\/2021\/11\/logo366x120.png","width":366,"height":120,"caption":"AUDES"},"image":{"@id":"https:\/\/www.audes.com\/stg\/#\/schema\/logo\/image\/"},"sameAs":["https:\/\/www.facebook.com\/audesgroup","https:\/\/www.instagram.com\/audesgroup"]},{"@type":"Person","@id":"https:\/\/www.audes.com\/stg\/#\/schema\/person\/1398e96e9d1dfe7fa6336b9e1bb9a67b","name":"AUDES","image":{"@type":"ImageObject","inLanguage":"it-IT","@id":"https:\/\/www.audes.com\/stg\/#\/schema\/person\/image\/","url":"https:\/\/secure.gravatar.com\/avatar\/6f2778e0e39696f5b4025f56cb7a24b668760164d3c9d2659399e819551c9c2c?s=96&d=mm&r=g","contentUrl":"https:\/\/secure.gravatar.com\/avatar\/6f2778e0e39696f5b4025f56cb7a24b668760164d3c9d2659399e819551c9c2c?s=96&d=mm&r=g","caption":"AUDES"},"sameAs":["http:\/\/www.audes.com\/stg"],"url":"https:\/\/www.audes.com\/stg\/author\/admin\/"}]}},"_links":{"self":[{"href":"https:\/\/www.audes.com\/stg\/wp-json\/wp\/v2\/posts\/11464","targetHints":{"allow":["GET"]}}],"collection":[{"href":"https:\/\/www.audes.com\/stg\/wp-json\/wp\/v2\/posts"}],"about":[{"href":"https:\/\/www.audes.com\/stg\/wp-json\/wp\/v2\/types\/post"}],"author":[{"embeddable":true,"href":"https:\/\/www.audes.com\/stg\/wp-json\/wp\/v2\/users\/1"}],"replies":[{"embeddable":true,"href":"https:\/\/www.audes.com\/stg\/wp-json\/wp\/v2\/comments?post=11464"}],"version-history":[{"count":1,"href":"https:\/\/www.audes.com\/stg\/wp-json\/wp\/v2\/posts\/11464\/revisions"}],"predecessor-version":[{"id":19437,"href":"https:\/\/www.audes.com\/stg\/wp-json\/wp\/v2\/posts\/11464\/revisions\/19437"}],"wp:featuredmedia":[{"embeddable":true,"href":"https:\/\/www.audes.com\/stg\/wp-json\/wp\/v2\/media\/9241"}],"wp:attachment":[{"href":"https:\/\/www.audes.com\/stg\/wp-json\/wp\/v2\/media?parent=11464"}],"wp:term":[{"taxonomy":"category","embeddable":true,"href":"https:\/\/www.audes.com\/stg\/wp-json\/wp\/v2\/categories?post=11464"},{"taxonomy":"post_tag","embeddable":true,"href":"https:\/\/www.audes.com\/stg\/wp-json\/wp\/v2\/tags?post=11464"}],"curies":[{"name":"wp","href":"https:\/\/api.w.org\/{rel}","templated":true}]}}