{"id":11525,"date":"2018-07-09T16:18:50","date_gmt":"2018-07-09T14:18:50","guid":{"rendered":"http:\/\/www.audes.com\/stg\/?p=11525"},"modified":"2018-07-09T16:18:50","modified_gmt":"2018-07-09T14:18:50","slug":"infradito-costumi-e-teli-mare-personalizzati-con-audes-la-creativita-dei-brand-non-va-mai-in-vacanza-2","status":"publish","type":"post","link":"https:\/\/www.audes.com\/stg\/infradito-costumi-e-teli-mare-personalizzati-con-audes-la-creativita-dei-brand-non-va-mai-in-vacanza-2\/","title":{"rendered":"Infradito, costumi e teli mare personalizzati: con Audes, la creativit\u00e0 dei brand non va mai in vacanza"},"content":{"rendered":"[vc_row type=&#8221;in_container&#8221; full_screen_row_position=&#8221;middle&#8221; column_margin=&#8221;default&#8221; column_direction=&#8221;default&#8221; column_direction_tablet=&#8221;default&#8221; column_direction_phone=&#8221;default&#8221; scene_position=&#8221;center&#8221; bottom_padding=&#8221;50&#8243; text_color=&#8221;dark&#8221; text_align=&#8221;left&#8221; row_border_radius=&#8221;none&#8221; row_border_radius_applies=&#8221;bg&#8221; overlay_strength=&#8221;0.3&#8243; gradient_direction=&#8221;left_to_right&#8221; shape_divider_position=&#8221;bottom&#8221; bg_image_animation=&#8221;none&#8221; shape_type=&#8221;&#8221;][vc_column column_padding=&#8221;no-extra-padding&#8221; column_padding_tablet=&#8221;inherit&#8221; column_padding_phone=&#8221;inherit&#8221; column_padding_position=&#8221;all&#8221; column_element_spacing=&#8221;default&#8221; background_color_opacity=&#8221;1&#8243; background_hover_color_opacity=&#8221;1&#8243; column_shadow=&#8221;none&#8221; column_border_radius=&#8221;none&#8221; column_link_target=&#8221;_self&#8221; gradient_direction=&#8221;left_to_right&#8221; overlay_strength=&#8221;0.3&#8243; width=&#8221;1\/1&#8243; tablet_width_inherit=&#8221;default&#8221; tablet_text_alignment=&#8221;default&#8221; phone_text_alignment=&#8221;default&#8221; bg_image_animation=&#8221;none&#8221; border_type=&#8221;simple&#8221; column_border_width=&#8221;none&#8221; column_border_style=&#8221;solid&#8221;][vc_column_text]<em>Leggerezza, creativit\u00e0 e voglia di sperimentare. L\u2019estate \u00e8 il periodo giusto per i brand che vogliono sorprendere dando vita a collezioni uniche che reinterpretano gli oggetti iconici dell\u2019estate.<\/em><\/p>\n<p>&nbsp;<\/p>\n<p>Dai cappellini agli zaini termici, dai costumi da bagno ai teli mare fino agli occhiali da sole e alle infradito: per affrontare l\u2019estate, noi di Audes, offriamo un\u2019ampia gamma di prodotti personalizzabili.[\/vc_column_text][\/vc_column][\/vc_row][vc_row type=&#8221;in_container&#8221; full_screen_row_position=&#8221;middle&#8221; column_margin=&#8221;default&#8221; column_direction=&#8221;default&#8221; column_direction_tablet=&#8221;default&#8221; column_direction_phone=&#8221;default&#8221; scene_position=&#8221;center&#8221; top_padding=&#8221;50&#8243; text_color=&#8221;dark&#8221; text_align=&#8221;left&#8221; row_border_radius=&#8221;none&#8221; row_border_radius_applies=&#8221;bg&#8221; overlay_strength=&#8221;0.3&#8243; gradient_direction=&#8221;left_to_right&#8221; shape_divider_position=&#8221;bottom&#8221; bg_image_animation=&#8221;none&#8221; shape_type=&#8221;&#8221;][vc_column column_padding=&#8221;no-extra-padding&#8221; column_padding_tablet=&#8221;inherit&#8221; column_padding_phone=&#8221;inherit&#8221; column_padding_position=&#8221;all&#8221; column_element_spacing=&#8221;default&#8221; background_color_opacity=&#8221;1&#8243; background_hover_color_opacity=&#8221;1&#8243; column_shadow=&#8221;none&#8221; column_border_radius=&#8221;none&#8221; column_link_target=&#8221;_self&#8221; gradient_direction=&#8221;left_to_right&#8221; overlay_strength=&#8221;0.3&#8243; width=&#8221;1\/1&#8243; tablet_width_inherit=&#8221;default&#8221; tablet_text_alignment=&#8221;default&#8221; phone_text_alignment=&#8221;default&#8221; bg_image_animation=&#8221;none&#8221; border_type=&#8221;simple&#8221; column_border_width=&#8221;none&#8221; column_border_style=&#8221;solid&#8221;][vc_column_text]<strong>L\u2019infradito<\/strong><\/p>\n<p>La ciabatta iconica offre numerose possibilit\u00e0 di personalizzazione grazie alle tecniche pi\u00f9 innovative che ne esaltano il design semplice e i materiali di prima qualit\u00e0. Dal laccio alla suola, ogni dettaglio si presta a comunicare in maniera creativa l\u2019identit\u00e0 di un brand.<\/p>\n<p>&nbsp;<\/p>\n<p>L\u2019infradito permette diverse soluzioni a seconda della destinazione d\u2019uso: da oggetto promozionale a vero e proprio capo d\u2019abbigliamento per il mondo retail ed e-commerce.<\/p>\n<p>&nbsp;<\/p>\n<p><strong>Il c<\/strong><strong>ostume<\/strong><\/p>\n<p>Che sia a bordo piscina o in spiaggia, i costumi sono da sempre i protagonisti dell\u2019abbigliamento estivo. Modello, materiale, personalizzazione: ogni costume \u00e8 il risultato della combinazione di questi elementi. Che si tratti di bikini o boxer, di costumi integrali o di un prodotto tecnico pensato per lo sport, offriamo ai brand l\u2019opportunit\u00e0 di personalizzare i capi in ogni dettaglio.<\/p>\n<p>&nbsp;<\/p>\n<p><strong>I<\/strong><strong>l telo mare<\/strong><\/p>\n<p>Oggetto semplice ed efficace strumento per comunicare il proprio brand, il telo mare si presta ad essere il foglio bianco attraverso cui comunicare il proprio messaggio. Disponibile in diverse dimensioni e densit\u00e0 di cotone, il telo mare \u00e8 una vera e propria bandiera da personalizzare. Chi non ricorda gli iconici teli mare dei grandi brand che popolavano \u2013 e popolano \u2013 le spiagge di tutto il mondo?<\/p>\n<p>&nbsp;<\/p>\n<p><strong>Nelle foto, alcuni dei prodotti estivi pi\u00f9 interessanti realizzati da Audes per i suoi clienti. Cappellini, costumi, infradito, occhiali da sole, teli mare.<\/strong><\/p>\n<p><em>\u00a0<\/em>[\/vc_column_text][\/vc_column][\/vc_row]\n","protected":false},"excerpt":{"rendered":"<p>[vc_row type=&#8221;in_container&#8221; full_screen_row_position=&#8221;middle&#8221; column_margin=&#8221;default&#8221; column_direction=&#8221;default&#8221; column_direction_tablet=&#8221;default&#8221; column_direction_phone=&#8221;default&#8221; scene_position=&#8221;center&#8221; bottom_padding=&#8221;50&#8243; text_color=&#8221;dark&#8221; text_align=&#8221;left&#8221; row_border_radius=&#8221;none&#8221; row_border_radius_applies=&#8221;bg&#8221; overlay_strength=&#8221;0.3&#8243; gradient_direction=&#8221;left_to_right&#8221; shape_divider_position=&#8221;bottom&#8221; bg_image_animation=&#8221;none&#8221; shape_type=&#8221;&#8221;][vc_column column_padding=&#8221;no-extra-padding&#8221; column_padding_tablet=&#8221;inherit&#8221; column_padding_phone=&#8221;inherit&#8221; column_padding_position=&#8221;all&#8221; column_element_spacing=&#8221;default&#8221; background_color_opacity=&#8221;1&#8243; background_hover_color_opacity=&#8221;1&#8243; column_shadow=&#8221;none&#8221; column_border_radius=&#8221;none&#8221; column_link_target=&#8221;_self&#8221; gradient_direction=&#8221;left_to_right&#8221; overlay_strength=&#8221;0.3&#8243;&#8230;<\/p>\n","protected":false},"author":1,"featured_media":8919,"comment_status":"closed","ping_status":"closed","sticky":false,"template":"","format":"standard","meta":{"footnotes":""},"categories":[7],"tags":[],"class_list":{"0":"post-11525","1":"post","2":"type-post","3":"status-publish","4":"format-standard","5":"has-post-thumbnail","7":"category-divise-da-lavoro-aziendali-corporate"},"yoast_head":"<!-- This site is optimized with the Yoast SEO plugin v24.3 - https:\/\/yoast.com\/wordpress\/plugins\/seo\/ -->\n<title>Infradito, costumi e teli mare personalizzati: con Audes, la creativit\u00e0 dei brand non va mai in vacanza - AUDES<\/title>\n<meta name=\"robots\" content=\"index, follow, max-snippet:-1, max-image-preview:large, max-video-preview:-1\" \/>\n<link rel=\"canonical\" href=\"https:\/\/www.audes.com\/stg\/infradito-costumi-e-teli-mare-personalizzati-con-audes-la-creativita-dei-brand-non-va-mai-in-vacanza-2\/\" \/>\n<meta property=\"og:locale\" content=\"it_IT\" \/>\n<meta property=\"og:type\" content=\"article\" \/>\n<meta property=\"og:title\" content=\"Infradito, costumi e teli mare personalizzati: con Audes, la creativit\u00e0 dei brand non va mai in vacanza - AUDES\" \/>\n<meta property=\"og:description\" content=\"[vc_row type=&#8221;in_container&#8221; full_screen_row_position=&#8221;middle&#8221; column_margin=&#8221;default&#8221; column_direction=&#8221;default&#8221; column_direction_tablet=&#8221;default&#8221; column_direction_phone=&#8221;default&#8221; scene_position=&#8221;center&#8221; bottom_padding=&#8221;50&#8243; text_color=&#8221;dark&#8221; text_align=&#8221;left&#8221; row_border_radius=&#8221;none&#8221; row_border_radius_applies=&#8221;bg&#8221; overlay_strength=&#8221;0.3&#8243; gradient_direction=&#8221;left_to_right&#8221; shape_divider_position=&#8221;bottom&#8221; bg_image_animation=&#8221;none&#8221; shape_type=&#8221;&#8221;][vc_column column_padding=&#8221;no-extra-padding&#8221; column_padding_tablet=&#8221;inherit&#8221; column_padding_phone=&#8221;inherit&#8221; column_padding_position=&#8221;all&#8221; column_element_spacing=&#8221;default&#8221; background_color_opacity=&#8221;1&#8243; background_hover_color_opacity=&#8221;1&#8243; column_shadow=&#8221;none&#8221; column_border_radius=&#8221;none&#8221; column_link_target=&#8221;_self&#8221; gradient_direction=&#8221;left_to_right&#8221; overlay_strength=&#8221;0.3&#8243;...\" \/>\n<meta property=\"og:url\" content=\"https:\/\/www.audes.com\/stg\/infradito-costumi-e-teli-mare-personalizzati-con-audes-la-creativita-dei-brand-non-va-mai-in-vacanza-2\/\" \/>\n<meta property=\"og:site_name\" content=\"AUDES\" \/>\n<meta property=\"article:publisher\" content=\"https:\/\/www.facebook.com\/audesgroup\" \/>\n<meta property=\"article:published_time\" content=\"2018-07-09T14:18:50+00:00\" \/>\n<meta property=\"og:image\" content=\"https:\/\/www.audes.com\/stg\/wp-content\/uploads\/2019\/04\/forst-news2.jpg\" \/>\n\t<meta property=\"og:image:width\" content=\"371\" \/>\n\t<meta property=\"og:image:height\" content=\"248\" \/>\n\t<meta property=\"og:image:type\" content=\"image\/jpeg\" \/>\n<meta name=\"author\" content=\"AUDES\" \/>\n<meta name=\"twitter:card\" content=\"summary_large_image\" \/>\n<meta name=\"twitter:label1\" content=\"Scritto da\" \/>\n\t<meta name=\"twitter:data1\" content=\"AUDES\" \/>\n\t<meta name=\"twitter:label2\" content=\"Tempo di lettura stimato\" \/>\n\t<meta name=\"twitter:data2\" content=\"2 minuti\" \/>\n<script type=\"application\/ld+json\" class=\"yoast-schema-graph\">{\"@context\":\"https:\/\/schema.org\",\"@graph\":[{\"@type\":\"Article\",\"@id\":\"https:\/\/www.audes.com\/stg\/infradito-costumi-e-teli-mare-personalizzati-con-audes-la-creativita-dei-brand-non-va-mai-in-vacanza-2\/#article\",\"isPartOf\":{\"@id\":\"https:\/\/www.audes.com\/stg\/infradito-costumi-e-teli-mare-personalizzati-con-audes-la-creativita-dei-brand-non-va-mai-in-vacanza-2\/\"},\"author\":{\"name\":\"AUDES\",\"@id\":\"https:\/\/www.audes.com\/stg\/#\/schema\/person\/1398e96e9d1dfe7fa6336b9e1bb9a67b\"},\"headline\":\"Infradito, costumi e teli mare personalizzati: con Audes, la creativit\u00e0 dei brand non va mai in vacanza\",\"datePublished\":\"2018-07-09T14:18:50+00:00\",\"dateModified\":\"2018-07-09T14:18:50+00:00\",\"mainEntityOfPage\":{\"@id\":\"https:\/\/www.audes.com\/stg\/infradito-costumi-e-teli-mare-personalizzati-con-audes-la-creativita-dei-brand-non-va-mai-in-vacanza-2\/\"},\"wordCount\":602,\"publisher\":{\"@id\":\"https:\/\/www.audes.com\/stg\/#organization\"},\"image\":{\"@id\":\"https:\/\/www.audes.com\/stg\/infradito-costumi-e-teli-mare-personalizzati-con-audes-la-creativita-dei-brand-non-va-mai-in-vacanza-2\/#primaryimage\"},\"thumbnailUrl\":\"https:\/\/www.audes.com\/stg\/wp-content\/uploads\/2019\/04\/forst-news2.jpg\",\"articleSection\":[\"Divise da lavoro aziendali | Corporate\"],\"inLanguage\":\"it-IT\"},{\"@type\":\"WebPage\",\"@id\":\"https:\/\/www.audes.com\/stg\/infradito-costumi-e-teli-mare-personalizzati-con-audes-la-creativita-dei-brand-non-va-mai-in-vacanza-2\/\",\"url\":\"https:\/\/www.audes.com\/stg\/infradito-costumi-e-teli-mare-personalizzati-con-audes-la-creativita-dei-brand-non-va-mai-in-vacanza-2\/\",\"name\":\"Infradito, costumi e teli mare personalizzati: con Audes, la creativit\u00e0 dei brand non va mai in vacanza - AUDES\",\"isPartOf\":{\"@id\":\"https:\/\/www.audes.com\/stg\/#website\"},\"primaryImageOfPage\":{\"@id\":\"https:\/\/www.audes.com\/stg\/infradito-costumi-e-teli-mare-personalizzati-con-audes-la-creativita-dei-brand-non-va-mai-in-vacanza-2\/#primaryimage\"},\"image\":{\"@id\":\"https:\/\/www.audes.com\/stg\/infradito-costumi-e-teli-mare-personalizzati-con-audes-la-creativita-dei-brand-non-va-mai-in-vacanza-2\/#primaryimage\"},\"thumbnailUrl\":\"https:\/\/www.audes.com\/stg\/wp-content\/uploads\/2019\/04\/forst-news2.jpg\",\"datePublished\":\"2018-07-09T14:18:50+00:00\",\"dateModified\":\"2018-07-09T14:18:50+00:00\",\"breadcrumb\":{\"@id\":\"https:\/\/www.audes.com\/stg\/infradito-costumi-e-teli-mare-personalizzati-con-audes-la-creativita-dei-brand-non-va-mai-in-vacanza-2\/#breadcrumb\"},\"inLanguage\":\"it-IT\",\"potentialAction\":[{\"@type\":\"ReadAction\",\"target\":[\"https:\/\/www.audes.com\/stg\/infradito-costumi-e-teli-mare-personalizzati-con-audes-la-creativita-dei-brand-non-va-mai-in-vacanza-2\/\"]}]},{\"@type\":\"ImageObject\",\"inLanguage\":\"it-IT\",\"@id\":\"https:\/\/www.audes.com\/stg\/infradito-costumi-e-teli-mare-personalizzati-con-audes-la-creativita-dei-brand-non-va-mai-in-vacanza-2\/#primaryimage\",\"url\":\"https:\/\/www.audes.com\/stg\/wp-content\/uploads\/2019\/04\/forst-news2.jpg\",\"contentUrl\":\"https:\/\/www.audes.com\/stg\/wp-content\/uploads\/2019\/04\/forst-news2.jpg\",\"width\":371,\"height\":248},{\"@type\":\"BreadcrumbList\",\"@id\":\"https:\/\/www.audes.com\/stg\/infradito-costumi-e-teli-mare-personalizzati-con-audes-la-creativita-dei-brand-non-va-mai-in-vacanza-2\/#breadcrumb\",\"itemListElement\":[{\"@type\":\"ListItem\",\"position\":1,\"name\":\"Home\",\"item\":\"https:\/\/www.audes.com\/stg\/\"},{\"@type\":\"ListItem\",\"position\":2,\"name\":\"Infradito, costumi e teli mare personalizzati: con Audes, la creativit\u00e0 dei brand non va mai in vacanza\"}]},{\"@type\":\"WebSite\",\"@id\":\"https:\/\/www.audes.com\/stg\/#website\",\"url\":\"https:\/\/www.audes.com\/stg\/\",\"name\":\"AUDES\",\"description\":\"WE BRAND YOU\",\"publisher\":{\"@id\":\"https:\/\/www.audes.com\/stg\/#organization\"},\"potentialAction\":[{\"@type\":\"SearchAction\",\"target\":{\"@type\":\"EntryPoint\",\"urlTemplate\":\"https:\/\/www.audes.com\/stg\/?s={search_term_string}\"},\"query-input\":{\"@type\":\"PropertyValueSpecification\",\"valueRequired\":true,\"valueName\":\"search_term_string\"}}],\"inLanguage\":\"it-IT\"},{\"@type\":\"Organization\",\"@id\":\"https:\/\/www.audes.com\/stg\/#organization\",\"name\":\"AUDES\",\"url\":\"https:\/\/www.audes.com\/stg\/\",\"logo\":{\"@type\":\"ImageObject\",\"inLanguage\":\"it-IT\",\"@id\":\"https:\/\/www.audes.com\/stg\/#\/schema\/logo\/image\/\",\"url\":\"http:\/\/www.audes.com\/stg\/wp-content\/uploads\/2021\/11\/logo366x120.png\",\"contentUrl\":\"http:\/\/www.audes.com\/stg\/wp-content\/uploads\/2021\/11\/logo366x120.png\",\"width\":366,\"height\":120,\"caption\":\"AUDES\"},\"image\":{\"@id\":\"https:\/\/www.audes.com\/stg\/#\/schema\/logo\/image\/\"},\"sameAs\":[\"https:\/\/www.facebook.com\/audesgroup\",\"https:\/\/www.instagram.com\/audesgroup\"]},{\"@type\":\"Person\",\"@id\":\"https:\/\/www.audes.com\/stg\/#\/schema\/person\/1398e96e9d1dfe7fa6336b9e1bb9a67b\",\"name\":\"AUDES\",\"image\":{\"@type\":\"ImageObject\",\"inLanguage\":\"it-IT\",\"@id\":\"https:\/\/www.audes.com\/stg\/#\/schema\/person\/image\/\",\"url\":\"https:\/\/secure.gravatar.com\/avatar\/6f2778e0e39696f5b4025f56cb7a24b668760164d3c9d2659399e819551c9c2c?s=96&d=mm&r=g\",\"contentUrl\":\"https:\/\/secure.gravatar.com\/avatar\/6f2778e0e39696f5b4025f56cb7a24b668760164d3c9d2659399e819551c9c2c?s=96&d=mm&r=g\",\"caption\":\"AUDES\"},\"sameAs\":[\"http:\/\/www.audes.com\/stg\"],\"url\":\"https:\/\/www.audes.com\/stg\/author\/admin\/\"}]}<\/script>\n<!-- \/ Yoast SEO plugin. -->","yoast_head_json":{"title":"Infradito, costumi e teli mare personalizzati: con Audes, la creativit\u00e0 dei brand non va mai in vacanza - AUDES","robots":{"index":"index","follow":"follow","max-snippet":"max-snippet:-1","max-image-preview":"max-image-preview:large","max-video-preview":"max-video-preview:-1"},"canonical":"https:\/\/www.audes.com\/stg\/infradito-costumi-e-teli-mare-personalizzati-con-audes-la-creativita-dei-brand-non-va-mai-in-vacanza-2\/","og_locale":"it_IT","og_type":"article","og_title":"Infradito, costumi e teli mare personalizzati: con Audes, la creativit\u00e0 dei brand non va mai in vacanza - AUDES","og_description":"[vc_row type=&#8221;in_container&#8221; full_screen_row_position=&#8221;middle&#8221; column_margin=&#8221;default&#8221; column_direction=&#8221;default&#8221; column_direction_tablet=&#8221;default&#8221; column_direction_phone=&#8221;default&#8221; scene_position=&#8221;center&#8221; bottom_padding=&#8221;50&#8243; text_color=&#8221;dark&#8221; text_align=&#8221;left&#8221; row_border_radius=&#8221;none&#8221; row_border_radius_applies=&#8221;bg&#8221; overlay_strength=&#8221;0.3&#8243; gradient_direction=&#8221;left_to_right&#8221; shape_divider_position=&#8221;bottom&#8221; bg_image_animation=&#8221;none&#8221; shape_type=&#8221;&#8221;][vc_column column_padding=&#8221;no-extra-padding&#8221; column_padding_tablet=&#8221;inherit&#8221; column_padding_phone=&#8221;inherit&#8221; column_padding_position=&#8221;all&#8221; column_element_spacing=&#8221;default&#8221; background_color_opacity=&#8221;1&#8243; background_hover_color_opacity=&#8221;1&#8243; column_shadow=&#8221;none&#8221; column_border_radius=&#8221;none&#8221; column_link_target=&#8221;_self&#8221; gradient_direction=&#8221;left_to_right&#8221; overlay_strength=&#8221;0.3&#8243;...","og_url":"https:\/\/www.audes.com\/stg\/infradito-costumi-e-teli-mare-personalizzati-con-audes-la-creativita-dei-brand-non-va-mai-in-vacanza-2\/","og_site_name":"AUDES","article_publisher":"https:\/\/www.facebook.com\/audesgroup","article_published_time":"2018-07-09T14:18:50+00:00","og_image":[{"width":371,"height":248,"url":"https:\/\/www.audes.com\/stg\/wp-content\/uploads\/2019\/04\/forst-news2.jpg","type":"image\/jpeg"}],"author":"AUDES","twitter_card":"summary_large_image","twitter_misc":{"Scritto da":"AUDES","Tempo di lettura stimato":"2 minuti"},"schema":{"@context":"https:\/\/schema.org","@graph":[{"@type":"Article","@id":"https:\/\/www.audes.com\/stg\/infradito-costumi-e-teli-mare-personalizzati-con-audes-la-creativita-dei-brand-non-va-mai-in-vacanza-2\/#article","isPartOf":{"@id":"https:\/\/www.audes.com\/stg\/infradito-costumi-e-teli-mare-personalizzati-con-audes-la-creativita-dei-brand-non-va-mai-in-vacanza-2\/"},"author":{"name":"AUDES","@id":"https:\/\/www.audes.com\/stg\/#\/schema\/person\/1398e96e9d1dfe7fa6336b9e1bb9a67b"},"headline":"Infradito, costumi e teli mare personalizzati: con Audes, la creativit\u00e0 dei brand non va mai in vacanza","datePublished":"2018-07-09T14:18:50+00:00","dateModified":"2018-07-09T14:18:50+00:00","mainEntityOfPage":{"@id":"https:\/\/www.audes.com\/stg\/infradito-costumi-e-teli-mare-personalizzati-con-audes-la-creativita-dei-brand-non-va-mai-in-vacanza-2\/"},"wordCount":602,"publisher":{"@id":"https:\/\/www.audes.com\/stg\/#organization"},"image":{"@id":"https:\/\/www.audes.com\/stg\/infradito-costumi-e-teli-mare-personalizzati-con-audes-la-creativita-dei-brand-non-va-mai-in-vacanza-2\/#primaryimage"},"thumbnailUrl":"https:\/\/www.audes.com\/stg\/wp-content\/uploads\/2019\/04\/forst-news2.jpg","articleSection":["Divise da lavoro aziendali | Corporate"],"inLanguage":"it-IT"},{"@type":"WebPage","@id":"https:\/\/www.audes.com\/stg\/infradito-costumi-e-teli-mare-personalizzati-con-audes-la-creativita-dei-brand-non-va-mai-in-vacanza-2\/","url":"https:\/\/www.audes.com\/stg\/infradito-costumi-e-teli-mare-personalizzati-con-audes-la-creativita-dei-brand-non-va-mai-in-vacanza-2\/","name":"Infradito, costumi e teli mare personalizzati: con Audes, la creativit\u00e0 dei brand non va mai in vacanza - AUDES","isPartOf":{"@id":"https:\/\/www.audes.com\/stg\/#website"},"primaryImageOfPage":{"@id":"https:\/\/www.audes.com\/stg\/infradito-costumi-e-teli-mare-personalizzati-con-audes-la-creativita-dei-brand-non-va-mai-in-vacanza-2\/#primaryimage"},"image":{"@id":"https:\/\/www.audes.com\/stg\/infradito-costumi-e-teli-mare-personalizzati-con-audes-la-creativita-dei-brand-non-va-mai-in-vacanza-2\/#primaryimage"},"thumbnailUrl":"https:\/\/www.audes.com\/stg\/wp-content\/uploads\/2019\/04\/forst-news2.jpg","datePublished":"2018-07-09T14:18:50+00:00","dateModified":"2018-07-09T14:18:50+00:00","breadcrumb":{"@id":"https:\/\/www.audes.com\/stg\/infradito-costumi-e-teli-mare-personalizzati-con-audes-la-creativita-dei-brand-non-va-mai-in-vacanza-2\/#breadcrumb"},"inLanguage":"it-IT","potentialAction":[{"@type":"ReadAction","target":["https:\/\/www.audes.com\/stg\/infradito-costumi-e-teli-mare-personalizzati-con-audes-la-creativita-dei-brand-non-va-mai-in-vacanza-2\/"]}]},{"@type":"ImageObject","inLanguage":"it-IT","@id":"https:\/\/www.audes.com\/stg\/infradito-costumi-e-teli-mare-personalizzati-con-audes-la-creativita-dei-brand-non-va-mai-in-vacanza-2\/#primaryimage","url":"https:\/\/www.audes.com\/stg\/wp-content\/uploads\/2019\/04\/forst-news2.jpg","contentUrl":"https:\/\/www.audes.com\/stg\/wp-content\/uploads\/2019\/04\/forst-news2.jpg","width":371,"height":248},{"@type":"BreadcrumbList","@id":"https:\/\/www.audes.com\/stg\/infradito-costumi-e-teli-mare-personalizzati-con-audes-la-creativita-dei-brand-non-va-mai-in-vacanza-2\/#breadcrumb","itemListElement":[{"@type":"ListItem","position":1,"name":"Home","item":"https:\/\/www.audes.com\/stg\/"},{"@type":"ListItem","position":2,"name":"Infradito, costumi e teli mare personalizzati: con Audes, la creativit\u00e0 dei brand non va mai in vacanza"}]},{"@type":"WebSite","@id":"https:\/\/www.audes.com\/stg\/#website","url":"https:\/\/www.audes.com\/stg\/","name":"AUDES","description":"WE BRAND YOU","publisher":{"@id":"https:\/\/www.audes.com\/stg\/#organization"},"potentialAction":[{"@type":"SearchAction","target":{"@type":"EntryPoint","urlTemplate":"https:\/\/www.audes.com\/stg\/?s={search_term_string}"},"query-input":{"@type":"PropertyValueSpecification","valueRequired":true,"valueName":"search_term_string"}}],"inLanguage":"it-IT"},{"@type":"Organization","@id":"https:\/\/www.audes.com\/stg\/#organization","name":"AUDES","url":"https:\/\/www.audes.com\/stg\/","logo":{"@type":"ImageObject","inLanguage":"it-IT","@id":"https:\/\/www.audes.com\/stg\/#\/schema\/logo\/image\/","url":"http:\/\/www.audes.com\/stg\/wp-content\/uploads\/2021\/11\/logo366x120.png","contentUrl":"http:\/\/www.audes.com\/stg\/wp-content\/uploads\/2021\/11\/logo366x120.png","width":366,"height":120,"caption":"AUDES"},"image":{"@id":"https:\/\/www.audes.com\/stg\/#\/schema\/logo\/image\/"},"sameAs":["https:\/\/www.facebook.com\/audesgroup","https:\/\/www.instagram.com\/audesgroup"]},{"@type":"Person","@id":"https:\/\/www.audes.com\/stg\/#\/schema\/person\/1398e96e9d1dfe7fa6336b9e1bb9a67b","name":"AUDES","image":{"@type":"ImageObject","inLanguage":"it-IT","@id":"https:\/\/www.audes.com\/stg\/#\/schema\/person\/image\/","url":"https:\/\/secure.gravatar.com\/avatar\/6f2778e0e39696f5b4025f56cb7a24b668760164d3c9d2659399e819551c9c2c?s=96&d=mm&r=g","contentUrl":"https:\/\/secure.gravatar.com\/avatar\/6f2778e0e39696f5b4025f56cb7a24b668760164d3c9d2659399e819551c9c2c?s=96&d=mm&r=g","caption":"AUDES"},"sameAs":["http:\/\/www.audes.com\/stg"],"url":"https:\/\/www.audes.com\/stg\/author\/admin\/"}]}},"_links":{"self":[{"href":"https:\/\/www.audes.com\/stg\/wp-json\/wp\/v2\/posts\/11525","targetHints":{"allow":["GET"]}}],"collection":[{"href":"https:\/\/www.audes.com\/stg\/wp-json\/wp\/v2\/posts"}],"about":[{"href":"https:\/\/www.audes.com\/stg\/wp-json\/wp\/v2\/types\/post"}],"author":[{"embeddable":true,"href":"https:\/\/www.audes.com\/stg\/wp-json\/wp\/v2\/users\/1"}],"replies":[{"embeddable":true,"href":"https:\/\/www.audes.com\/stg\/wp-json\/wp\/v2\/comments?post=11525"}],"version-history":[{"count":0,"href":"https:\/\/www.audes.com\/stg\/wp-json\/wp\/v2\/posts\/11525\/revisions"}],"wp:featuredmedia":[{"embeddable":true,"href":"https:\/\/www.audes.com\/stg\/wp-json\/wp\/v2\/media\/8919"}],"wp:attachment":[{"href":"https:\/\/www.audes.com\/stg\/wp-json\/wp\/v2\/media?parent=11525"}],"wp:term":[{"taxonomy":"category","embeddable":true,"href":"https:\/\/www.audes.com\/stg\/wp-json\/wp\/v2\/categories?post=11525"},{"taxonomy":"post_tag","embeddable":true,"href":"https:\/\/www.audes.com\/stg\/wp-json\/wp\/v2\/tags?post=11525"}],"curies":[{"name":"wp","href":"https:\/\/api.w.org\/{rel}","templated":true}]}}