{"id":17709,"date":"2023-11-28T19:17:55","date_gmt":"2023-11-28T17:17:55","guid":{"rendered":"http:\/\/www.audes.com\/stg\/?p=17709"},"modified":"2023-11-28T19:17:55","modified_gmt":"2023-11-28T17:17:55","slug":"black-friday-audes-group-divise","status":"publish","type":"post","link":"https:\/\/www.audes.com\/stg\/black-friday-audes-group-divise\/","title":{"rendered":"Black Friday: Il Successo dietro le Quinte, AUDES Group in Prima Linea con Divise di Eccellenza! \ud83d\udcaa"},"content":{"rendered":"[vc_row type=&#8221;in_container&#8221; full_screen_row_position=&#8221;middle&#8221; column_margin=&#8221;default&#8221; equal_height=&#8221;yes&#8221; content_placement=&#8221;middle&#8221; column_direction=&#8221;default&#8221; column_direction_tablet=&#8221;default&#8221; column_direction_phone=&#8221;default&#8221; scene_position=&#8221;center&#8221; constrain_group_2=&#8221;yes&#8221; text_color=&#8221;dark&#8221; text_align=&#8221;left&#8221; row_border_radius=&#8221;none&#8221; row_border_radius_applies=&#8221;bg&#8221; overflow=&#8221;visible&#8221; overlay_strength=&#8221;0.3&#8243; gradient_direction=&#8221;left_to_right&#8221; shape_divider_position=&#8221;bottom&#8221; bg_image_animation=&#8221;none&#8221; gradient_type=&#8221;default&#8221; shape_type=&#8221;&#8221;][vc_column right_padding_desktop=&#8221;3%&#8221; constrain_group_1=&#8221;yes&#8221; column_element_direction_desktop=&#8221;default&#8221; column_element_spacing=&#8221;default&#8221; desktop_text_alignment=&#8221;default&#8221; tablet_text_alignment=&#8221;default&#8221; phone_text_alignment=&#8221;default&#8221; background_color_opacity=&#8221;1&#8243; background_hover_color_opacity=&#8221;1&#8243; column_backdrop_filter=&#8221;none&#8221; column_shadow=&#8221;none&#8221; column_border_radius=&#8221;none&#8221; column_link_target=&#8221;_self&#8221; column_position=&#8221;default&#8221; gradient_direction=&#8221;left_to_right&#8221; overlay_strength=&#8221;0.3&#8243; width=&#8221;1\/1&#8243; tablet_width_inherit=&#8221;default&#8221; animation_type=&#8221;default&#8221; bg_image_animation=&#8221;none&#8221; border_type=&#8221;simple&#8221; column_border_width=&#8221;none&#8221; column_border_style=&#8221;solid&#8221; column_padding_type=&#8221;advanced&#8221; gradient_type=&#8221;default&#8221;][divider line_type=&#8221;No Line&#8221; custom_height=&#8221;30px&#8221;][vc_column_text]\n<h2 style=\"text-align: center;\"><span style=\"font-weight: 400;\">Audes Group e le Divise da Lavoro<\/span><\/h2>\n<p style=\"text-align: center;\"><span style=\"font-weight: 400;\">Il conto alla rovescia per il Black Friday \u00e8 iniziato, e dietro ogni offerta imperdibile si cela un team straordinario che lavora incessantemente per rendere tutto possibile. In questo contesto, Audes Group si pone come il supporto dietro le quinte che contribuisce al successo delle iniziative del Black Friday.<\/span><\/p>\n[\/vc_column_text][\/vc_column][\/vc_row][vc_row type=&#8221;in_container&#8221; full_screen_row_position=&#8221;middle&#8221; column_margin=&#8221;default&#8221; column_direction=&#8221;default&#8221; column_direction_tablet=&#8221;default&#8221; column_direction_phone=&#8221;default&#8221; scene_position=&#8221;center&#8221; constrain_group_1=&#8221;yes&#8221; constrain_group_2=&#8221;yes&#8221; top_padding_tablet=&#8221;25%&#8221; top_margin=&#8221;7%&#8221; constrain_group_7=&#8221;yes&#8221; bottom_margin=&#8221;7%&#8221; text_color=&#8221;light&#8221; text_align=&#8221;left&#8221; row_border_radius=&#8221;none&#8221; row_border_radius_applies=&#8221;bg&#8221; overflow=&#8221;visible&#8221; enable_gradient=&#8221;true&#8221; advanced_gradient_angle=&#8221;0&#8243; overlay_strength=&#8221;0.3&#8243; gradient_direction=&#8221;top_to_bottom&#8221; shape_divider_position=&#8221;bottom&#8221; bg_image_animation=&#8221;none&#8221; gradient_type=&#8221;default&#8221; shape_type=&#8221;&#8221;][vc_column column_padding=&#8221;no-extra-padding&#8221; column_padding_tablet=&#8221;inherit&#8221; column_padding_phone=&#8221;inherit&#8221; column_padding_position=&#8221;all&#8221; column_element_direction_desktop=&#8221;default&#8221; column_element_spacing=&#8221;0px&#8221; centered_text=&#8221;true&#8221; desktop_text_alignment=&#8221;default&#8221; tablet_text_alignment=&#8221;default&#8221; phone_text_alignment=&#8221;default&#8221; background_color_opacity=&#8221;1&#8243; background_hover_color_opacity=&#8221;1&#8243; column_backdrop_filter=&#8221;none&#8221; column_shadow=&#8221;none&#8221; column_border_radius=&#8221;none&#8221; column_link_target=&#8221;_self&#8221; column_position=&#8221;default&#8221; advanced_gradient_angle=&#8221;0&#8243; gradient_direction=&#8221;left_to_right&#8221; overlay_strength=&#8221;0.3&#8243; width=&#8221;1\/1&#8243; tablet_width_inherit=&#8221;default&#8221; animation_type=&#8221;default&#8221; bg_image_animation=&#8221;none&#8221; border_type=&#8221;simple&#8221; column_border_width=&#8221;none&#8221; column_border_style=&#8221;solid&#8221; gradient_type=&#8221;default&#8221; column_padding_type=&#8221;default&#8221;][image_with_animation image_url=&#8221;17716&#8243; image_size=&#8221;full&#8221; animation_type=&#8221;entrance&#8221; animation=&#8221;None&#8221; animation_movement_type=&#8221;transform_y&#8221; hover_animation=&#8221;none&#8221; alignment=&#8221;&#8221; border_radius=&#8221;none&#8221; box_shadow=&#8221;none&#8221; image_loading=&#8221;default&#8221; max_width=&#8221;100%&#8221; max_width_mobile=&#8221;default&#8221;][\/vc_column][\/vc_row][vc_row type=&#8221;in_container&#8221; full_screen_row_position=&#8221;middle&#8221; column_margin=&#8221;default&#8221; column_direction=&#8221;default&#8221; column_direction_tablet=&#8221;default&#8221; column_direction_phone=&#8221;default&#8221; scene_position=&#8221;center&#8221; constrain_group_1=&#8221;yes&#8221; top_margin=&#8221;7%&#8221; constrain_group_7=&#8221;yes&#8221; bottom_margin=&#8221;7%&#8221; text_color=&#8221;dark&#8221; text_align=&#8221;left&#8221; row_border_radius=&#8221;none&#8221; row_border_radius_applies=&#8221;bg&#8221; overflow=&#8221;visible&#8221; overlay_strength=&#8221;0.3&#8243; gradient_direction=&#8221;left_to_right&#8221; shape_divider_position=&#8221;bottom&#8221; bg_image_animation=&#8221;none&#8221; gradient_type=&#8221;default&#8221; shape_type=&#8221;&#8221;][vc_column column_padding=&#8221;no-extra-padding&#8221; column_padding_tablet=&#8221;inherit&#8221; column_padding_phone=&#8221;inherit&#8221; column_padding_position=&#8221;all&#8221; column_element_direction_desktop=&#8221;default&#8221; column_element_spacing=&#8221;default&#8221; desktop_text_alignment=&#8221;default&#8221; tablet_text_alignment=&#8221;default&#8221; phone_text_alignment=&#8221;default&#8221; background_color_opacity=&#8221;1&#8243; background_hover_color_opacity=&#8221;1&#8243; column_backdrop_filter=&#8221;none&#8221; column_shadow=&#8221;none&#8221; column_border_radius=&#8221;none&#8221; column_link_target=&#8221;_self&#8221; column_position=&#8221;default&#8221; gradient_direction=&#8221;left_to_right&#8221; overlay_strength=&#8221;0.3&#8243; width=&#8221;1\/1&#8243; tablet_width_inherit=&#8221;default&#8221; animation_type=&#8221;default&#8221; bg_image_animation=&#8221;none&#8221; border_type=&#8221;simple&#8221; column_border_width=&#8221;none&#8221; column_border_style=&#8221;solid&#8221;][vc_column_text]\n<ul>\n<li><a href=\"#divise\"><span style=\"font-weight: 400;\">Le Divise da Lavoro di Audes Group\u00a0<\/span><\/a><\/li>\n<li style=\"font-weight: 400;\" aria-level=\"1\"><a href=\"#grazie\"><span style=\"font-weight: 400;\">Grazie a tutti i lavoratori<\/span><\/a><\/li>\n<\/ul>\n[\/vc_column_text][\/vc_column][\/vc_row][vc_row type=&#8221;in_container&#8221; full_screen_row_position=&#8221;middle&#8221; column_margin=&#8221;default&#8221; equal_height=&#8221;yes&#8221; content_placement=&#8221;middle&#8221; column_direction=&#8221;default&#8221; column_direction_tablet=&#8221;default&#8221; column_direction_phone=&#8221;default&#8221; scene_position=&#8221;center&#8221; constrain_group_1=&#8221;yes&#8221; constrain_group_7=&#8221;yes&#8221; text_color=&#8221;dark&#8221; text_align=&#8221;left&#8221; row_border_radius=&#8221;none&#8221; row_border_radius_applies=&#8221;bg&#8221; overflow=&#8221;visible&#8221; overlay_strength=&#8221;0.3&#8243; gradient_direction=&#8221;left_to_right&#8221; shape_divider_position=&#8221;bottom&#8221; bg_image_animation=&#8221;none&#8221; gradient_type=&#8221;default&#8221; shape_type=&#8221;&#8221;][vc_column column_padding=&#8221;no-extra-padding&#8221; column_padding_tablet=&#8221;inherit&#8221; column_padding_phone=&#8221;inherit&#8221; column_padding_position=&#8221;all&#8221; column_element_direction_desktop=&#8221;default&#8221; column_element_spacing=&#8221;default&#8221; desktop_text_alignment=&#8221;default&#8221; tablet_text_alignment=&#8221;default&#8221; phone_text_alignment=&#8221;default&#8221; background_color_opacity=&#8221;1&#8243; background_hover_color_opacity=&#8221;1&#8243; column_backdrop_filter=&#8221;none&#8221; column_shadow=&#8221;none&#8221; column_border_radius=&#8221;none&#8221; column_link_target=&#8221;_self&#8221; column_position=&#8221;default&#8221; gradient_direction=&#8221;left_to_right&#8221; overlay_strength=&#8221;0.3&#8243; width=&#8221;1\/2&#8243; tablet_width_inherit=&#8221;default&#8221; animation_type=&#8221;default&#8221; bg_image_animation=&#8221;none&#8221; border_type=&#8221;simple&#8221; column_border_width=&#8221;none&#8221; column_border_style=&#8221;solid&#8221; column_padding_type=&#8221;default&#8221; gradient_type=&#8221;default&#8221;][image_with_animation image_url=&#8221;17717&#8243; image_size=&#8221;full&#8221; animation_type=&#8221;entrance&#8221; animation=&#8221;None&#8221; animation_movement_type=&#8221;transform_y&#8221; hover_animation=&#8221;none&#8221; alignment=&#8221;&#8221; border_radius=&#8221;none&#8221; box_shadow=&#8221;none&#8221; image_loading=&#8221;default&#8221; max_width=&#8221;100%&#8221; max_width_mobile=&#8221;default&#8221;][\/vc_column][vc_column left_padding_desktop=&#8221;6%&#8221; right_padding_desktop=&#8221;14%&#8221; constrain_group_1=&#8221;yes&#8221; column_element_direction_desktop=&#8221;default&#8221; column_element_spacing=&#8221;default&#8221; desktop_text_alignment=&#8221;default&#8221; tablet_text_alignment=&#8221;default&#8221; phone_text_alignment=&#8221;default&#8221; background_color_opacity=&#8221;1&#8243; background_hover_color_opacity=&#8221;1&#8243; column_backdrop_filter=&#8221;none&#8221; column_shadow=&#8221;none&#8221; column_border_radius=&#8221;none&#8221; column_link_target=&#8221;_self&#8221; column_position=&#8221;default&#8221; gradient_direction=&#8221;left_to_right&#8221; overlay_strength=&#8221;0.3&#8243; width=&#8221;1\/2&#8243; tablet_width_inherit=&#8221;default&#8221; animation_type=&#8221;default&#8221; bg_image_animation=&#8221;none&#8221; border_type=&#8221;simple&#8221; column_border_width=&#8221;none&#8221; column_border_style=&#8221;solid&#8221; column_padding_type=&#8221;advanced&#8221; gradient_type=&#8221;default&#8221;][divider line_type=&#8221;No Line&#8221; custom_height=&#8221;30px&#8221;][vc_column_text]\n<h2 id=\"divise\"><span style=\"font-weight: 400;\">Le Divise da Lavoro di Audes Group<br \/>\n<\/span><\/h2>\n<p><span style=\"font-weight: 400;\">Le divise da lavoro realizzate da Audes Group costituiscono un elemento chiave per garantire il successo operativo dei nostri clienti, andando oltre la mera uniformit\u00e0 estetica. Ogni divisa \u00e8 il risultato di una cura minuziosa nei dettagli e rappresenta un connubio tra funzionalit\u00e0, sicurezza e identit\u00e0 aziendale.<br \/>\nAudes Group si impegna a comprendere appieno le esigenze specifiche di ciascun cliente, adattando le divise in base al settore di attivit\u00e0, alle condizioni lavorative e ai requisiti di sicurezza. La nostra attenzione particolare alla fornitura di Dispositivi di Protezione Individuale (DPI) garantisce che ogni dipendente sia adeguatamente equipaggiato per svolgere le proprie mansioni in condizioni ottimali di sicurezza.<br \/>\n<\/span>[\/vc_column_text][\/vc_column][\/vc_row][vc_row type=&#8221;in_container&#8221; full_screen_row_position=&#8221;middle&#8221; column_margin=&#8221;default&#8221; equal_height=&#8221;yes&#8221; content_placement=&#8221;middle&#8221; column_direction=&#8221;default&#8221; column_direction_tablet=&#8221;default&#8221; column_direction_phone=&#8221;default&#8221; scene_position=&#8221;center&#8221; constrain_group_7=&#8221;yes&#8221; text_color=&#8221;dark&#8221; text_align=&#8221;left&#8221; row_border_radius=&#8221;none&#8221; row_border_radius_applies=&#8221;bg&#8221; overflow=&#8221;visible&#8221; overlay_strength=&#8221;0.3&#8243; gradient_direction=&#8221;left_to_right&#8221; shape_divider_position=&#8221;bottom&#8221; bg_image_animation=&#8221;none&#8221; gradient_type=&#8221;default&#8221; shape_type=&#8221;&#8221;][vc_column top_padding_desktop=&#8221;3%&#8221; bottom_padding_desktop=&#8221;3%&#8221; left_padding_desktop=&#8221;6%&#8221; right_padding_desktop=&#8221;14%&#8221; constrain_group_1=&#8221;yes&#8221; column_element_direction_desktop=&#8221;default&#8221; column_element_spacing=&#8221;default&#8221; desktop_text_alignment=&#8221;right&#8221; tablet_text_alignment=&#8221;default&#8221; phone_text_alignment=&#8221;default&#8221; background_color_opacity=&#8221;1&#8243; background_hover_color_opacity=&#8221;1&#8243; column_backdrop_filter=&#8221;none&#8221; column_shadow=&#8221;none&#8221; column_border_radius=&#8221;none&#8221; column_link_target=&#8221;_self&#8221; column_position=&#8221;default&#8221; gradient_direction=&#8221;left_to_right&#8221; overlay_strength=&#8221;0.3&#8243; width=&#8221;1\/2&#8243; tablet_width_inherit=&#8221;default&#8221; animation_type=&#8221;default&#8221; bg_image_animation=&#8221;none&#8221; border_type=&#8221;simple&#8221; column_border_width=&#8221;none&#8221; column_border_style=&#8221;solid&#8221; column_padding_type=&#8221;advanced&#8221; gradient_type=&#8221;default&#8221;][vc_column_text]\n<p style=\"text-align: right;\"><span style=\"font-weight: 400;\">Le divise non sono solo indumenti funzionali ma incarnano anche l&#8217;orgoglio e l&#8217;identit\u00e0 del team. Ogni capo viene progettato non solo per rispondere a normative e requisiti pratici, ma anche per riflettere la personalit\u00e0 e l&#8217;immagine distintiva dell&#8217;azienda. In questo modo, le divise da lavoro diventano uno strumento tangibile per costruire un senso di coesione e appartenenza all&#8217;interno del team.<br \/>\nLa flessibilit\u00e0 e l&#8217;attenzione ai dettagli nel processo di progettazione e produzione delle divise da lavoro di Audes Group testimoniano il nostro impegno a superare le aspettative dei clienti, contribuendo al successo delle loro attivit\u00e0 in ogni settore e condizione operativa.<\/span>[\/vc_column_text][divider line_type=&#8221;No Line&#8221; custom_height=&#8221;30px&#8221;][\/vc_column][vc_column column_padding=&#8221;no-extra-padding&#8221; column_padding_tablet=&#8221;inherit&#8221; column_padding_phone=&#8221;inherit&#8221; column_padding_position=&#8221;all&#8221; column_element_direction_desktop=&#8221;default&#8221; column_element_spacing=&#8221;default&#8221; desktop_text_alignment=&#8221;default&#8221; tablet_text_alignment=&#8221;default&#8221; phone_text_alignment=&#8221;default&#8221; background_color_opacity=&#8221;1&#8243; background_hover_color_opacity=&#8221;1&#8243; column_backdrop_filter=&#8221;none&#8221; column_shadow=&#8221;none&#8221; column_border_radius=&#8221;none&#8221; column_link_target=&#8221;_self&#8221; column_position=&#8221;default&#8221; gradient_direction=&#8221;left_to_right&#8221; overlay_strength=&#8221;0.3&#8243; width=&#8221;1\/2&#8243; tablet_width_inherit=&#8221;default&#8221; animation_type=&#8221;default&#8221; bg_image_animation=&#8221;none&#8221; border_type=&#8221;simple&#8221; column_border_width=&#8221;none&#8221; column_border_style=&#8221;solid&#8221; column_padding_type=&#8221;default&#8221; gradient_type=&#8221;default&#8221;][image_with_animation image_url=&#8221;17719&#8243; image_size=&#8221;full&#8221; animation_type=&#8221;entrance&#8221; animation=&#8221;None&#8221; animation_movement_type=&#8221;transform_y&#8221; hover_animation=&#8221;none&#8221; alignment=&#8221;&#8221; border_radius=&#8221;none&#8221; box_shadow=&#8221;none&#8221; image_loading=&#8221;default&#8221; max_width=&#8221;100%&#8221; max_width_mobile=&#8221;default&#8221;][\/vc_column][\/vc_row][vc_row type=&#8221;in_container&#8221; full_screen_row_position=&#8221;middle&#8221; column_margin=&#8221;default&#8221; equal_height=&#8221;yes&#8221; content_placement=&#8221;middle&#8221; column_direction=&#8221;default&#8221; column_direction_tablet=&#8221;default&#8221; column_direction_phone=&#8221;default&#8221; scene_position=&#8221;center&#8221; constrain_group_2=&#8221;yes&#8221; top_margin=&#8221;7%&#8221; constrain_group_7=&#8221;yes&#8221; bottom_margin=&#8221;7%&#8221; text_color=&#8221;dark&#8221; text_align=&#8221;left&#8221; row_border_radius=&#8221;none&#8221; row_border_radius_applies=&#8221;bg&#8221; overflow=&#8221;visible&#8221; overlay_strength=&#8221;0.3&#8243; gradient_direction=&#8221;left_to_right&#8221; shape_divider_position=&#8221;bottom&#8221; bg_image_animation=&#8221;none&#8221; gradient_type=&#8221;default&#8221; shape_type=&#8221;&#8221;][vc_column constrain_group_1=&#8221;yes&#8221; column_element_direction_desktop=&#8221;default&#8221; column_element_spacing=&#8221;default&#8221; desktop_text_alignment=&#8221;center&#8221; tablet_text_alignment=&#8221;default&#8221; phone_text_alignment=&#8221;default&#8221; background_color_opacity=&#8221;1&#8243; background_hover_color_opacity=&#8221;1&#8243; column_backdrop_filter=&#8221;none&#8221; column_shadow=&#8221;none&#8221; column_border_radius=&#8221;none&#8221; column_link_target=&#8221;_self&#8221; column_position=&#8221;default&#8221; gradient_direction=&#8221;left_to_right&#8221; overlay_strength=&#8221;0.3&#8243; width=&#8221;1\/1&#8243; tablet_width_inherit=&#8221;default&#8221; animation_type=&#8221;default&#8221; bg_image_animation=&#8221;none&#8221; border_type=&#8221;simple&#8221; column_border_width=&#8221;none&#8221; column_border_style=&#8221;solid&#8221; column_padding_type=&#8221;advanced&#8221; gradient_type=&#8221;default&#8221;][vc_column_text]\n<h2 id=\"grazie\"><span style=\"font-weight: 400;\">Grazie a tutti i lavoratori<\/span><\/h2>\n[\/vc_column_text][image_with_animation image_url=&#8221;17718&#8243; image_size=&#8221;full&#8221; animation_type=&#8221;entrance&#8221; animation=&#8221;None&#8221; animation_movement_type=&#8221;transform_y&#8221; hover_animation=&#8221;none&#8221; alignment=&#8221;&#8221; border_radius=&#8221;none&#8221; box_shadow=&#8221;none&#8221; image_loading=&#8221;default&#8221; max_width=&#8221;100%&#8221; max_width_mobile=&#8221;default&#8221;][vc_column_text]<span style=\"font-weight: 400;\">In questo periodo di intenso fervore legato alle scontistiche del Black Friday, vogliamo dedicare un sentito ringraziamento a tutti i lavoratori che, con il loro impegno instancabile, hanno contribuito a rendere possibile questo evento straordinario. Siete il cuore pulsante dietro ogni iniziativa, e la vostra dedizione quotidiana \u00e8 un elemento fondamentale che non passa inosservato.<\/span><\/p>\n<p><span style=\"font-weight: 400;\">Riconosciamo l&#8217;importanza di una filiera produttiva e di operatori efficienti, alcuni dei quali sono nostri clienti, i veri protagonisti dietro il successo di queste giornate frenetiche.\u00a0<\/span><\/p>\n<p><span style=\"font-weight: 400;\">\u00c8 per questo motivo che progettiamo e realizziamo uniformi da lavoro che non sono semplicemente capi d&#8217;abbigliamento, ma veri e propri alleati quotidiani nel fronteggiare le sfide sul campo come ad esempio le basse temperature.<\/span><\/p>\n<p><span style=\"font-weight: 400;\">Siamo infatti consapevoli delle sfide che le condizioni climatiche invernali possono presentare, e proprio per questo progettiamo le nostre uniformi con una visione stagionale. Garantiamo che i lavoratori possano affrontare il freddo con il massimo comfort, grazie ai tessuti tecnici e traspiranti utilizzati.<\/span><\/p>\n<p><span style=\"font-weight: 400;\">In questo contesto, mettiamo sempre in risalto l&#8217;importanza dei Dispositivi di Protezione Individuale (DPI) che forniamo. La sicurezza sul luogo di lavoro \u00e8 la nostra massima priorit\u00e0, e i <\/span><b>DPI<\/b><span style=\"font-weight: 400;\"> di alta qualit\u00e0 che offriamo assicurano un ambiente lavorativo sicuro e protetto. Insieme a questo lavoriamo affinch\u00e9 l\u2019immagine del brand venga rappresentata al meglio e con l\u2019obiettivo di far risaltare la sua realt\u00e0 aziendale cos\u00ec che spicchi fra tutte le altre.<\/span><\/p>\n<p><span style=\"font-weight: 400;\">L&#8217;attenzione al dettaglio estetico, tratto distintivo di Audes Group, si unisce cos\u00ec alle performance tecniche dei prodotti, creando un connubio di design e funzionalit\u00e0 irrinunciabili.<\/span>[\/vc_column_text][vc_column_text]\n<p style=\"text-align: center; font-size: 33px; color: black; line-height: normal;\">Sei pronto a rendere unici i prossimi eventi?<\/p>\n<p style=\"text-align: center; font-size: 33px; color: black; line-height: normal;\">Scegli Audes Group per un supporto esclusivo!<br \/>\nEsplora il nostro sito e contattaci![\/vc_column_text][divider line_type=&#8221;No Line&#8221; custom_height=&#8221;70px&#8221;][nectar_btn size=&#8221;medium&#8221; button_style=&#8221;see-through&#8221; button_color_2=&#8221;Accent-Color&#8221; icon_family=&#8221;none&#8221; text=&#8221;CONTATTACI&#8221; url=&#8221;mailto:info@audes.com&#8221;][\/vc_column][\/vc_row]\n","protected":false},"excerpt":{"rendered":"<p>[vc_row type=&#8221;in_container&#8221; full_screen_row_position=&#8221;middle&#8221; column_margin=&#8221;default&#8221; equal_height=&#8221;yes&#8221; content_placement=&#8221;middle&#8221; column_direction=&#8221;default&#8221; column_direction_tablet=&#8221;default&#8221; column_direction_phone=&#8221;default&#8221; scene_position=&#8221;center&#8221; constrain_group_2=&#8221;yes&#8221; text_color=&#8221;dark&#8221; text_align=&#8221;left&#8221; row_border_radius=&#8221;none&#8221; row_border_radius_applies=&#8221;bg&#8221; overflow=&#8221;visible&#8221; overlay_strength=&#8221;0.3&#8243; gradient_direction=&#8221;left_to_right&#8221; shape_divider_position=&#8221;bottom&#8221; bg_image_animation=&#8221;none&#8221; gradient_type=&#8221;default&#8221; shape_type=&#8221;&#8221;][vc_column right_padding_desktop=&#8221;3%&#8221; constrain_group_1=&#8221;yes&#8221; column_element_direction_desktop=&#8221;default&#8221; column_element_spacing=&#8221;default&#8221; desktop_text_alignment=&#8221;default&#8221; tablet_text_alignment=&#8221;default&#8221; phone_text_alignment=&#8221;default&#8221; background_color_opacity=&#8221;1&#8243;&#8230;<\/p>\n","protected":false},"author":3,"featured_media":17760,"comment_status":"closed","ping_status":"closed","sticky":false,"template":"","format":"standard","meta":{"footnotes":""},"categories":[8],"tags":[],"class_list":{"0":"post-17709","1":"post","2":"type-post","3":"status-publish","4":"format-standard","5":"has-post-thumbnail","7":"category-divise-da-lavoro-tecniche"},"yoast_head":"<!-- This site is optimized with the Yoast SEO plugin v24.3 - https:\/\/yoast.com\/wordpress\/plugins\/seo\/ -->\n<title>Black Friday: AUDES Group e le Divise da Lavoro di Eccellenza.<\/title>\n<meta name=\"description\" content=\"Entra nel mondo del Black Friday con Audes Group e preparati a un&#039;esperienza indimenticabile! Leggi di pi\u00f9.\" \/>\n<meta name=\"robots\" content=\"index, follow, max-snippet:-1, max-image-preview:large, max-video-preview:-1\" \/>\n<link rel=\"canonical\" href=\"https:\/\/www.audes.com\/stg\/black-friday-audes-group-divise\/\" \/>\n<meta property=\"og:locale\" content=\"it_IT\" \/>\n<meta property=\"og:type\" content=\"article\" \/>\n<meta property=\"og:title\" content=\"Black Friday: AUDES Group e le Divise da Lavoro di Eccellenza.\" \/>\n<meta property=\"og:description\" content=\"Entra nel mondo del Black Friday con Audes Group e preparati a un&#039;esperienza indimenticabile! Leggi di pi\u00f9.\" \/>\n<meta property=\"og:url\" content=\"https:\/\/www.audes.com\/stg\/black-friday-audes-group-divise\/\" \/>\n<meta property=\"og:site_name\" content=\"AUDES\" \/>\n<meta property=\"article:publisher\" content=\"https:\/\/www.facebook.com\/audesgroup\" \/>\n<meta property=\"article:published_time\" content=\"2023-11-28T17:17:55+00:00\" \/>\n<meta property=\"og:image\" content=\"https:\/\/www.audes.com\/stg\/wp-content\/uploads\/2023\/11\/ENI-STATION-02_4-5.jpg\" \/>\n\t<meta property=\"og:image:width\" content=\"1200\" \/>\n\t<meta property=\"og:image:height\" content=\"1500\" \/>\n\t<meta property=\"og:image:type\" content=\"image\/jpeg\" \/>\n<meta name=\"author\" content=\"Federica Palmieri\" \/>\n<meta name=\"twitter:card\" content=\"summary_large_image\" \/>\n<meta name=\"twitter:label1\" content=\"Scritto da\" \/>\n\t<meta name=\"twitter:data1\" content=\"Federica Palmieri\" \/>\n\t<meta name=\"twitter:label2\" content=\"Tempo di lettura stimato\" \/>\n\t<meta name=\"twitter:data2\" content=\"6 minuti\" \/>\n<script type=\"application\/ld+json\" class=\"yoast-schema-graph\">{\"@context\":\"https:\/\/schema.org\",\"@graph\":[{\"@type\":\"Article\",\"@id\":\"https:\/\/www.audes.com\/stg\/black-friday-audes-group-divise\/#article\",\"isPartOf\":{\"@id\":\"https:\/\/www.audes.com\/stg\/black-friday-audes-group-divise\/\"},\"author\":{\"name\":\"Federica Palmieri\",\"@id\":\"https:\/\/www.audes.com\/stg\/#\/schema\/person\/52cd7f4b5fa11613d6e423b442104112\"},\"headline\":\"Black Friday: Il Successo dietro le Quinte, AUDES Group in Prima Linea con Divise di Eccellenza! \ud83d\udcaa\",\"datePublished\":\"2023-11-28T17:17:55+00:00\",\"dateModified\":\"2023-11-28T17:17:55+00:00\",\"mainEntityOfPage\":{\"@id\":\"https:\/\/www.audes.com\/stg\/black-friday-audes-group-divise\/\"},\"wordCount\":2090,\"publisher\":{\"@id\":\"https:\/\/www.audes.com\/stg\/#organization\"},\"image\":{\"@id\":\"https:\/\/www.audes.com\/stg\/black-friday-audes-group-divise\/#primaryimage\"},\"thumbnailUrl\":\"https:\/\/www.audes.com\/stg\/wp-content\/uploads\/2023\/11\/ENI-STATION-02_4-5.jpg\",\"articleSection\":[\"Divise da lavoro tecniche | Workwear\"],\"inLanguage\":\"it-IT\"},{\"@type\":\"WebPage\",\"@id\":\"https:\/\/www.audes.com\/stg\/black-friday-audes-group-divise\/\",\"url\":\"https:\/\/www.audes.com\/stg\/black-friday-audes-group-divise\/\",\"name\":\"Black Friday: AUDES Group e le Divise da Lavoro di Eccellenza.\",\"isPartOf\":{\"@id\":\"https:\/\/www.audes.com\/stg\/#website\"},\"primaryImageOfPage\":{\"@id\":\"https:\/\/www.audes.com\/stg\/black-friday-audes-group-divise\/#primaryimage\"},\"image\":{\"@id\":\"https:\/\/www.audes.com\/stg\/black-friday-audes-group-divise\/#primaryimage\"},\"thumbnailUrl\":\"https:\/\/www.audes.com\/stg\/wp-content\/uploads\/2023\/11\/ENI-STATION-02_4-5.jpg\",\"datePublished\":\"2023-11-28T17:17:55+00:00\",\"dateModified\":\"2023-11-28T17:17:55+00:00\",\"description\":\"Entra nel mondo del Black Friday con Audes Group e preparati a un'esperienza indimenticabile! Leggi di pi\u00f9.\",\"breadcrumb\":{\"@id\":\"https:\/\/www.audes.com\/stg\/black-friday-audes-group-divise\/#breadcrumb\"},\"inLanguage\":\"it-IT\",\"potentialAction\":[{\"@type\":\"ReadAction\",\"target\":[\"https:\/\/www.audes.com\/stg\/black-friday-audes-group-divise\/\"]}]},{\"@type\":\"ImageObject\",\"inLanguage\":\"it-IT\",\"@id\":\"https:\/\/www.audes.com\/stg\/black-friday-audes-group-divise\/#primaryimage\",\"url\":\"https:\/\/www.audes.com\/stg\/wp-content\/uploads\/2023\/11\/ENI-STATION-02_4-5.jpg\",\"contentUrl\":\"https:\/\/www.audes.com\/stg\/wp-content\/uploads\/2023\/11\/ENI-STATION-02_4-5.jpg\",\"width\":1200,\"height\":1500},{\"@type\":\"BreadcrumbList\",\"@id\":\"https:\/\/www.audes.com\/stg\/black-friday-audes-group-divise\/#breadcrumb\",\"itemListElement\":[{\"@type\":\"ListItem\",\"position\":1,\"name\":\"Home\",\"item\":\"https:\/\/www.audes.com\/stg\/\"},{\"@type\":\"ListItem\",\"position\":2,\"name\":\"Black Friday: Il Successo dietro le Quinte, AUDES Group in Prima Linea con Divise di Eccellenza! \ud83d\udcaa\"}]},{\"@type\":\"WebSite\",\"@id\":\"https:\/\/www.audes.com\/stg\/#website\",\"url\":\"https:\/\/www.audes.com\/stg\/\",\"name\":\"AUDES\",\"description\":\"WE BRAND YOU\",\"publisher\":{\"@id\":\"https:\/\/www.audes.com\/stg\/#organization\"},\"potentialAction\":[{\"@type\":\"SearchAction\",\"target\":{\"@type\":\"EntryPoint\",\"urlTemplate\":\"https:\/\/www.audes.com\/stg\/?s={search_term_string}\"},\"query-input\":{\"@type\":\"PropertyValueSpecification\",\"valueRequired\":true,\"valueName\":\"search_term_string\"}}],\"inLanguage\":\"it-IT\"},{\"@type\":\"Organization\",\"@id\":\"https:\/\/www.audes.com\/stg\/#organization\",\"name\":\"AUDES\",\"url\":\"https:\/\/www.audes.com\/stg\/\",\"logo\":{\"@type\":\"ImageObject\",\"inLanguage\":\"it-IT\",\"@id\":\"https:\/\/www.audes.com\/stg\/#\/schema\/logo\/image\/\",\"url\":\"http:\/\/www.audes.com\/stg\/wp-content\/uploads\/2021\/11\/logo366x120.png\",\"contentUrl\":\"http:\/\/www.audes.com\/stg\/wp-content\/uploads\/2021\/11\/logo366x120.png\",\"width\":366,\"height\":120,\"caption\":\"AUDES\"},\"image\":{\"@id\":\"https:\/\/www.audes.com\/stg\/#\/schema\/logo\/image\/\"},\"sameAs\":[\"https:\/\/www.facebook.com\/audesgroup\",\"https:\/\/www.instagram.com\/audesgroup\"]},{\"@type\":\"Person\",\"@id\":\"https:\/\/www.audes.com\/stg\/#\/schema\/person\/52cd7f4b5fa11613d6e423b442104112\",\"name\":\"Federica Palmieri\",\"image\":{\"@type\":\"ImageObject\",\"inLanguage\":\"it-IT\",\"@id\":\"https:\/\/www.audes.com\/stg\/#\/schema\/person\/image\/\",\"url\":\"https:\/\/secure.gravatar.com\/avatar\/71d93bb1636f3c03c10eb30a7fa08626a0282cf8f63aaa2646fc233668f7cb63?s=96&d=mm&r=g\",\"contentUrl\":\"https:\/\/secure.gravatar.com\/avatar\/71d93bb1636f3c03c10eb30a7fa08626a0282cf8f63aaa2646fc233668f7cb63?s=96&d=mm&r=g\",\"caption\":\"Federica Palmieri\"},\"url\":\"https:\/\/www.audes.com\/stg\/author\/federica-palmieri\/\"}]}<\/script>\n<!-- \/ Yoast SEO plugin. -->","yoast_head_json":{"title":"Black Friday: AUDES Group e le Divise da Lavoro di Eccellenza.","description":"Entra nel mondo del Black Friday con Audes Group e preparati a un'esperienza indimenticabile! Leggi di pi\u00f9.","robots":{"index":"index","follow":"follow","max-snippet":"max-snippet:-1","max-image-preview":"max-image-preview:large","max-video-preview":"max-video-preview:-1"},"canonical":"https:\/\/www.audes.com\/stg\/black-friday-audes-group-divise\/","og_locale":"it_IT","og_type":"article","og_title":"Black Friday: AUDES Group e le Divise da Lavoro di Eccellenza.","og_description":"Entra nel mondo del Black Friday con Audes Group e preparati a un'esperienza indimenticabile! Leggi di pi\u00f9.","og_url":"https:\/\/www.audes.com\/stg\/black-friday-audes-group-divise\/","og_site_name":"AUDES","article_publisher":"https:\/\/www.facebook.com\/audesgroup","article_published_time":"2023-11-28T17:17:55+00:00","og_image":[{"width":1200,"height":1500,"url":"https:\/\/www.audes.com\/stg\/wp-content\/uploads\/2023\/11\/ENI-STATION-02_4-5.jpg","type":"image\/jpeg"}],"author":"Federica Palmieri","twitter_card":"summary_large_image","twitter_misc":{"Scritto da":"Federica Palmieri","Tempo di lettura stimato":"6 minuti"},"schema":{"@context":"https:\/\/schema.org","@graph":[{"@type":"Article","@id":"https:\/\/www.audes.com\/stg\/black-friday-audes-group-divise\/#article","isPartOf":{"@id":"https:\/\/www.audes.com\/stg\/black-friday-audes-group-divise\/"},"author":{"name":"Federica Palmieri","@id":"https:\/\/www.audes.com\/stg\/#\/schema\/person\/52cd7f4b5fa11613d6e423b442104112"},"headline":"Black Friday: Il Successo dietro le Quinte, AUDES Group in Prima Linea con Divise di Eccellenza! \ud83d\udcaa","datePublished":"2023-11-28T17:17:55+00:00","dateModified":"2023-11-28T17:17:55+00:00","mainEntityOfPage":{"@id":"https:\/\/www.audes.com\/stg\/black-friday-audes-group-divise\/"},"wordCount":2090,"publisher":{"@id":"https:\/\/www.audes.com\/stg\/#organization"},"image":{"@id":"https:\/\/www.audes.com\/stg\/black-friday-audes-group-divise\/#primaryimage"},"thumbnailUrl":"https:\/\/www.audes.com\/stg\/wp-content\/uploads\/2023\/11\/ENI-STATION-02_4-5.jpg","articleSection":["Divise da lavoro tecniche | Workwear"],"inLanguage":"it-IT"},{"@type":"WebPage","@id":"https:\/\/www.audes.com\/stg\/black-friday-audes-group-divise\/","url":"https:\/\/www.audes.com\/stg\/black-friday-audes-group-divise\/","name":"Black Friday: AUDES Group e le Divise da Lavoro di Eccellenza.","isPartOf":{"@id":"https:\/\/www.audes.com\/stg\/#website"},"primaryImageOfPage":{"@id":"https:\/\/www.audes.com\/stg\/black-friday-audes-group-divise\/#primaryimage"},"image":{"@id":"https:\/\/www.audes.com\/stg\/black-friday-audes-group-divise\/#primaryimage"},"thumbnailUrl":"https:\/\/www.audes.com\/stg\/wp-content\/uploads\/2023\/11\/ENI-STATION-02_4-5.jpg","datePublished":"2023-11-28T17:17:55+00:00","dateModified":"2023-11-28T17:17:55+00:00","description":"Entra nel mondo del Black Friday con Audes Group e preparati a un'esperienza indimenticabile! Leggi di pi\u00f9.","breadcrumb":{"@id":"https:\/\/www.audes.com\/stg\/black-friday-audes-group-divise\/#breadcrumb"},"inLanguage":"it-IT","potentialAction":[{"@type":"ReadAction","target":["https:\/\/www.audes.com\/stg\/black-friday-audes-group-divise\/"]}]},{"@type":"ImageObject","inLanguage":"it-IT","@id":"https:\/\/www.audes.com\/stg\/black-friday-audes-group-divise\/#primaryimage","url":"https:\/\/www.audes.com\/stg\/wp-content\/uploads\/2023\/11\/ENI-STATION-02_4-5.jpg","contentUrl":"https:\/\/www.audes.com\/stg\/wp-content\/uploads\/2023\/11\/ENI-STATION-02_4-5.jpg","width":1200,"height":1500},{"@type":"BreadcrumbList","@id":"https:\/\/www.audes.com\/stg\/black-friday-audes-group-divise\/#breadcrumb","itemListElement":[{"@type":"ListItem","position":1,"name":"Home","item":"https:\/\/www.audes.com\/stg\/"},{"@type":"ListItem","position":2,"name":"Black Friday: Il Successo dietro le Quinte, AUDES Group in Prima Linea con Divise di Eccellenza! \ud83d\udcaa"}]},{"@type":"WebSite","@id":"https:\/\/www.audes.com\/stg\/#website","url":"https:\/\/www.audes.com\/stg\/","name":"AUDES","description":"WE BRAND YOU","publisher":{"@id":"https:\/\/www.audes.com\/stg\/#organization"},"potentialAction":[{"@type":"SearchAction","target":{"@type":"EntryPoint","urlTemplate":"https:\/\/www.audes.com\/stg\/?s={search_term_string}"},"query-input":{"@type":"PropertyValueSpecification","valueRequired":true,"valueName":"search_term_string"}}],"inLanguage":"it-IT"},{"@type":"Organization","@id":"https:\/\/www.audes.com\/stg\/#organization","name":"AUDES","url":"https:\/\/www.audes.com\/stg\/","logo":{"@type":"ImageObject","inLanguage":"it-IT","@id":"https:\/\/www.audes.com\/stg\/#\/schema\/logo\/image\/","url":"http:\/\/www.audes.com\/stg\/wp-content\/uploads\/2021\/11\/logo366x120.png","contentUrl":"http:\/\/www.audes.com\/stg\/wp-content\/uploads\/2021\/11\/logo366x120.png","width":366,"height":120,"caption":"AUDES"},"image":{"@id":"https:\/\/www.audes.com\/stg\/#\/schema\/logo\/image\/"},"sameAs":["https:\/\/www.facebook.com\/audesgroup","https:\/\/www.instagram.com\/audesgroup"]},{"@type":"Person","@id":"https:\/\/www.audes.com\/stg\/#\/schema\/person\/52cd7f4b5fa11613d6e423b442104112","name":"Federica Palmieri","image":{"@type":"ImageObject","inLanguage":"it-IT","@id":"https:\/\/www.audes.com\/stg\/#\/schema\/person\/image\/","url":"https:\/\/secure.gravatar.com\/avatar\/71d93bb1636f3c03c10eb30a7fa08626a0282cf8f63aaa2646fc233668f7cb63?s=96&d=mm&r=g","contentUrl":"https:\/\/secure.gravatar.com\/avatar\/71d93bb1636f3c03c10eb30a7fa08626a0282cf8f63aaa2646fc233668f7cb63?s=96&d=mm&r=g","caption":"Federica Palmieri"},"url":"https:\/\/www.audes.com\/stg\/author\/federica-palmieri\/"}]}},"_links":{"self":[{"href":"https:\/\/www.audes.com\/stg\/wp-json\/wp\/v2\/posts\/17709","targetHints":{"allow":["GET"]}}],"collection":[{"href":"https:\/\/www.audes.com\/stg\/wp-json\/wp\/v2\/posts"}],"about":[{"href":"https:\/\/www.audes.com\/stg\/wp-json\/wp\/v2\/types\/post"}],"author":[{"embeddable":true,"href":"https:\/\/www.audes.com\/stg\/wp-json\/wp\/v2\/users\/3"}],"replies":[{"embeddable":true,"href":"https:\/\/www.audes.com\/stg\/wp-json\/wp\/v2\/comments?post=17709"}],"version-history":[{"count":0,"href":"https:\/\/www.audes.com\/stg\/wp-json\/wp\/v2\/posts\/17709\/revisions"}],"wp:featuredmedia":[{"embeddable":true,"href":"https:\/\/www.audes.com\/stg\/wp-json\/wp\/v2\/media\/17760"}],"wp:attachment":[{"href":"https:\/\/www.audes.com\/stg\/wp-json\/wp\/v2\/media?parent=17709"}],"wp:term":[{"taxonomy":"category","embeddable":true,"href":"https:\/\/www.audes.com\/stg\/wp-json\/wp\/v2\/categories?post=17709"},{"taxonomy":"post_tag","embeddable":true,"href":"https:\/\/www.audes.com\/stg\/wp-json\/wp\/v2\/tags?post=17709"}],"curies":[{"name":"wp","href":"https:\/\/api.w.org\/{rel}","templated":true}]}}